{"id":14223,"date":"2026-01-20T14:00:00","date_gmt":"2026-01-20T17:00:00","guid":{"rendered":"https:\/\/diariodepernambuco.audiencelabs.com.br\/?p=14223"},"modified":"2026-01-19T22:17:34","modified_gmt":"2026-01-20T01:17:34","slug":"cache-do-big-brother-e-o-valor-de-um-aluguel-de-luxo-pedro-vai-receber","status":"publish","type":"post","link":"https:\/\/diariodepernambuco.audiencelabs.com.br\/cache-do-big-brother-e-o-valor-de-um-aluguel-de-luxo-pedro-vai-receber\/","title":{"rendered":"Cach\u00ea do Big Brother \u00e9 o valor de um aluguel de luxo: Pedro vai receber?"},"content":{"rendered":"\n<p>A sa\u00edda de Pedro do Big Brother Brasil 2026, no \u00faltimo domingo (18), provocou forte repercuss\u00e3o dentro e fora da casa. O participante deixou o reality ap\u00f3s uma conduta considerada inadequada envolvendo a colega Jordana, em um epis\u00f3dio ocorrido na despensa. Segundo a pr\u00f3pria produ\u00e7\u00e3o, caso ele n\u00e3o tivesse tomado a iniciativa de desistir, seria retirado do programa por ass\u00e9dio.<\/p>\n\n\n\n<h2 class=\"wp-block-heading\">Produ\u00e7\u00e3o confirma que expuls\u00e3o seria inevit\u00e1vel<\/h2>\n\n\n\n<p>Durante a edi\u00e7\u00e3o ao vivo, o apresentador Tadeu Schmidt foi direto ao comentar o caso. Ele afirmou que atitudes como a de Pedro n\u00e3o s\u00e3o toleradas em hip\u00f3tese alguma e refor\u00e7ou que a decis\u00e3o da produ\u00e7\u00e3o seria pela expuls\u00e3o imediata, independentemente da desist\u00eancia volunt\u00e1ria.<\/p>\n\n\n\n<p>De acordo com o apresentador, o epis\u00f3dio serve como alerta e deixa claro que comportamentos desse tipo n\u00e3o t\u00eam espa\u00e7o nem no reality show, nem em qualquer outro ambiente. A emissora, inclusive, passou a tratar oficialmente a sa\u00edda de Pedro como uma expuls\u00e3o.<\/p>\n\n\n\n<h2 class=\"wp-block-heading\">Contrato rescindido e perda de benef\u00edcios<\/h2>\n\n\n\n<p>Informa\u00e7\u00f5es divulgadas pela coluna Outro Canal, da Folha de S.Paulo, apontam que a TV Globo rescindiu o contrato de Pedro logo ap\u00f3s o ocorrido. Com isso, ele n\u00e3o receber\u00e1 o cach\u00ea proporcional aos dias em que permaneceu no programa.<\/p>\n\n\n\n<p>Al\u00e9m disso, o v\u00ednculo do ex-participante com a ag\u00eancia ViU, bra\u00e7o da emissora respons\u00e1vel por gerenciar a carreira de influenciadores e ex-BBBs, tamb\u00e9m foi encerrado. Pedro foi retirado da vinheta de abertura do BBB 26 e a orienta\u00e7\u00e3o interna \u00e9 para que apresentadores e comunicadores se refiram a ele como eliminado ou expulso.<\/p>\n\n\n\n<h2 class=\"wp-block-heading\">O epis\u00f3dio dentro da casa<\/h2>\n\n\n\n<p>O caso aconteceu quando Pedro e Jordana entraram juntos na despensa. No local, ele tentou se aproximar fisicamente da participante sem consentimento. Mais tarde, ao comentar o epis\u00f3dio com outro brother, Pedro demonstrou preocupa\u00e7\u00e3o ao lembrar que havia c\u00e2meras no ambiente.<\/p>\n\n\n\n<p>Pouco depois, no confession\u00e1rio, ele reconheceu a situa\u00e7\u00e3o e admitiu o comportamento inadequado, relatando que vinha lutando contra impulsos e desejos dentro da casa. A declara\u00e7\u00e3o refor\u00e7ou a gravidade do ocorrido e embasou a decis\u00e3o definitiva da produ\u00e7\u00e3o do BBB 26.<\/p>\n","protected":false},"excerpt":{"rendered":"<p>A sa\u00edda de Pedro do Big Brother Brasil 2026, no \u00faltimo domingo (18), provocou forte repercuss\u00e3o dentro e fora da casa. O participante deixou o reality ap\u00f3s uma conduta considerada inadequada envolvendo a colega Jordana, em um epis\u00f3dio ocorrido na despensa. Segundo a pr\u00f3pria produ\u00e7\u00e3o, caso ele n\u00e3o tivesse tomado a iniciativa de desistir, seria [&hellip;]<\/p>\n","protected":false},"author":7,"featured_media":14224,"comment_status":"open","ping_status":"open","sticky":false,"template":"","format":"standard","meta":{"jnews-multi-image_gallery":[],"jnews_single_post":{"format":"standard"},"jnews_primary_category":[],"jnews_social_meta":[],"jnews_post_split":[],"footnotes":""},"categories":[1],"tags":[],"class_list":["post-14223","post","type-post","status-publish","format-standard","has-post-thumbnail","hentry","category-uncategorized"],"_links":{"self":[{"href":"https:\/\/diariodepernambuco.audiencelabs.com.br\/wp-json\/wp\/v2\/posts\/14223","targetHints":{"allow":["GET"]}}],"collection":[{"href":"https:\/\/diariodepernambuco.audiencelabs.com.br\/wp-json\/wp\/v2\/posts"}],"about":[{"href":"https:\/\/diariodepernambuco.audiencelabs.com.br\/wp-json\/wp\/v2\/types\/post"}],"author":[{"embeddable":true,"href":"https:\/\/diariodepernambuco.audiencelabs.com.br\/wp-json\/wp\/v2\/users\/7"}],"replies":[{"embeddable":true,"href":"https:\/\/diariodepernambuco.audiencelabs.com.br\/wp-json\/wp\/v2\/comments?post=14223"}],"version-history":[{"count":2,"href":"https:\/\/diariodepernambuco.audiencelabs.com.br\/wp-json\/wp\/v2\/posts\/14223\/revisions"}],"predecessor-version":[{"id":14226,"href":"https:\/\/diariodepernambuco.audiencelabs.com.br\/wp-json\/wp\/v2\/posts\/14223\/revisions\/14226"}],"wp:featuredmedia":[{"embeddable":true,"href":"https:\/\/diariodepernambuco.audiencelabs.com.br\/wp-json\/wp\/v2\/media\/14224"}],"wp:attachment":[{"href":"https:\/\/diariodepernambuco.audiencelabs.com.br\/wp-json\/wp\/v2\/media?parent=14223"}],"wp:term":[{"taxonomy":"category","embeddable":true,"href":"https:\/\/diariodepernambuco.audiencelabs.com.br\/wp-json\/wp\/v2\/categories?post=14223"},{"taxonomy":"post_tag","embeddable":true,"href":"https:\/\/diariodepernambuco.audiencelabs.com.br\/wp-json\/wp\/v2\/tags?post=14223"}],"curies":[{"name":"wp","href":"https:\/\/api.w.org\/{rel}","templated":true}]}}