{"id":14243,"date":"2026-01-20T11:00:00","date_gmt":"2026-01-20T14:00:00","guid":{"rendered":"https:\/\/diariodepernambuco.audiencelabs.com.br\/?p=14243"},"modified":"2026-01-20T11:46:55","modified_gmt":"2026-01-20T14:46:55","slug":"mudanca-nas-regras-dos-alugueis-agora-cobra-inquilinos-em-dolar-caso-o-proprietario-deseje-neste-pais","status":"publish","type":"post","link":"https:\/\/diariodepernambuco.audiencelabs.com.br\/mudanca-nas-regras-dos-alugueis-agora-cobra-inquilinos-em-dolar-caso-o-proprietario-deseje-neste-pais\/","title":{"rendered":"Mudan\u00e7a nas regras dos alugu\u00e9is agora cobra inquilinos em d\u00f3lar caso o propriet\u00e1rio deseje neste pa\u00eds"},"content":{"rendered":"\n<p>No ano de 2024, o presidente da Argentina Javier Milei introduziu uma mudan\u00e7a radical nas regras de loca\u00e7\u00e3o no pa\u00eds ao revogar a antiga Lei do Aluguel e permitir que novos contratos sejam negociados em moeda estrangeira, como o d\u00f3lar, a crit\u00e9rio de propriet\u00e1rios e inquilinos \u2014 uma possibilidade antes proibida pela legisla\u00e7\u00e3o vigente.<\/p>\n\n\n\n<h2 class=\"wp-block-heading\">Cobran\u00e7a em d\u00f3lar <\/h2>\n\n\n\n<p>Essa medida, parte de um conjunto mais amplo de reformas econ\u00f4micas com o objetivo de \u201cdesregulamentar\u201d o mercado, gerou grande pol\u00eamica no setor imobili\u00e1rio argentino, com temores de que a dolariza\u00e7\u00e3o dos alugu\u00e9is pressionasse ainda mais os locat\u00e1rios em um contexto de infla\u00e7\u00e3o alta e incerteza econ\u00f4mica.<\/p>\n\n\n\n<p>Atualmente, o cen\u00e1rio do mercado de alugu\u00e9is na Argentina reflete os efeitos das mudan\u00e7as promovidas pelo presidente Javier Milei ap\u00f3s a revoga\u00e7\u00e3o da antiga Lei do Aluguel: o setor tem vivido uma reconfigura\u00e7\u00e3o profunda, com oferta de im\u00f3veis em loca\u00e7\u00e3o aumentando significativamente e a negocia\u00e7\u00e3o entre propriet\u00e1rios e inquilinos sendo flexibilizada.<\/p>\n\n\n\n<p>Nos meses seguintes \u00e0 revoga\u00e7\u00e3o da lei, a oferta de unidades para aluguel cresceu de forma expressiva em cidades como Buenos Aires, aliviando \u2014 ainda que parcialmente \u2014 a escassez que marcava o mercado nos anos anteriores e contribuindo para uma tend\u00eancia de queda dos pre\u00e7os reais quando ajustados pela infla\u00e7\u00e3o.<\/p>\n\n\n\n<h2 class=\"wp-block-heading\">Oferta maior, contratos mais livres e novos desafios para os inquilinos<\/h2>\n\n\n\n<p>Com a flexibiliza\u00e7\u00e3o das regras, propriet\u00e1rios passaram a ter mais autonomia para definir prazos, reajustes e a moeda de pagamento dos contratos, o que atraiu de volta im\u00f3veis que antes estavam fora do mercado formal de loca\u00e7\u00e3o. Especialistas apontam que essa maior liberdade ajudou a recompor a oferta e a reduzir distor\u00e7\u00f5es causadas pelos controles anteriores.<\/p>\n\n\n\n<p>Por outro lado, a possibilidade de contratos em d\u00f3lar levanta preocupa\u00e7\u00f5es entre inquilinos, especialmente aqueles com renda atrelada ao peso argentino. Em um pa\u00eds ainda marcado por forte volatilidade cambial e infla\u00e7\u00e3o elevada, o novo modelo pode trazer mais previsibilidade para os propriet\u00e1rios, mas tamb\u00e9m aumentar a inseguran\u00e7a financeira de quem aluga.<\/p>\n","protected":false},"excerpt":{"rendered":"<p>No ano de 2024, o presidente da Argentina Javier Milei introduziu uma mudan\u00e7a radical nas regras de loca\u00e7\u00e3o no pa\u00eds ao revogar a antiga Lei do Aluguel e permitir que novos contratos sejam negociados em moeda estrangeira, como o d\u00f3lar, a crit\u00e9rio de propriet\u00e1rios e inquilinos \u2014 uma possibilidade antes proibida pela legisla\u00e7\u00e3o vigente. Cobran\u00e7a [&hellip;]<\/p>\n","protected":false},"author":4,"featured_media":4302,"comment_status":"open","ping_status":"open","sticky":false,"template":"","format":"standard","meta":{"jnews-multi-image_gallery":[],"jnews_single_post":{"format":"standard"},"jnews_primary_category":[],"jnews_social_meta":[],"jnews_post_split":[],"footnotes":""},"categories":[1],"tags":[],"class_list":["post-14243","post","type-post","status-publish","format-standard","has-post-thumbnail","hentry","category-uncategorized"],"_links":{"self":[{"href":"https:\/\/diariodepernambuco.audiencelabs.com.br\/wp-json\/wp\/v2\/posts\/14243","targetHints":{"allow":["GET"]}}],"collection":[{"href":"https:\/\/diariodepernambuco.audiencelabs.com.br\/wp-json\/wp\/v2\/posts"}],"about":[{"href":"https:\/\/diariodepernambuco.audiencelabs.com.br\/wp-json\/wp\/v2\/types\/post"}],"author":[{"embeddable":true,"href":"https:\/\/diariodepernambuco.audiencelabs.com.br\/wp-json\/wp\/v2\/users\/4"}],"replies":[{"embeddable":true,"href":"https:\/\/diariodepernambuco.audiencelabs.com.br\/wp-json\/wp\/v2\/comments?post=14243"}],"version-history":[{"count":3,"href":"https:\/\/diariodepernambuco.audiencelabs.com.br\/wp-json\/wp\/v2\/posts\/14243\/revisions"}],"predecessor-version":[{"id":14266,"href":"https:\/\/diariodepernambuco.audiencelabs.com.br\/wp-json\/wp\/v2\/posts\/14243\/revisions\/14266"}],"wp:featuredmedia":[{"embeddable":true,"href":"https:\/\/diariodepernambuco.audiencelabs.com.br\/wp-json\/wp\/v2\/media\/4302"}],"wp:attachment":[{"href":"https:\/\/diariodepernambuco.audiencelabs.com.br\/wp-json\/wp\/v2\/media?parent=14243"}],"wp:term":[{"taxonomy":"category","embeddable":true,"href":"https:\/\/diariodepernambuco.audiencelabs.com.br\/wp-json\/wp\/v2\/categories?post=14243"},{"taxonomy":"post_tag","embeddable":true,"href":"https:\/\/diariodepernambuco.audiencelabs.com.br\/wp-json\/wp\/v2\/tags?post=14243"}],"curies":[{"name":"wp","href":"https:\/\/api.w.org\/{rel}","templated":true}]}}