{"id":14247,"date":"2026-01-20T11:30:00","date_gmt":"2026-01-20T14:30:00","guid":{"rendered":"https:\/\/diariodepernambuco.audiencelabs.com.br\/?p=14247"},"modified":"2026-01-20T10:32:25","modified_gmt":"2026-01-20T13:32:25","slug":"impostos-para-carros-novos-foram-zerados-e-precos-despencaram-com-valores-recordes-em-pais-vizinho-do-brasil","status":"publish","type":"post","link":"https:\/\/diariodepernambuco.audiencelabs.com.br\/impostos-para-carros-novos-foram-zerados-e-precos-despencaram-com-valores-recordes-em-pais-vizinho-do-brasil\/","title":{"rendered":"Impostos para carros novos foram zerados e pre\u00e7os despencaram com valores recordes em pa\u00eds vizinho do Brasil"},"content":{"rendered":"\n<p>O governo da Argentina anunciou, em janeiro de 2025, a redu\u00e7\u00e3o de uma s\u00e9rie de impostos sobre carros e motos com o objetivo de tornar os ve\u00edculos mais acess\u00edveis \u00e0 popula\u00e7\u00e3o. A medida foi confirmada pelo ministro da Economia, Luis Caputo, por meio das redes sociais, e oficializada poucas horas depois com a assinatura de um decreto pelo presidente Javier Milei.<\/p>\n\n\n\n<p>Desde fevereiro do ano passado, o pa\u00eds vizinho do Brasil zerou o imposto interno, que anteriormente era de 20%, para ve\u00edculos com pre\u00e7os entre 41 e 75 milh\u00f5es de pesos (aproximadamente de R$ 228.031 a R$ 417.130). J\u00e1 os modelos avaliados acima desse valor passaram a ter a al\u00edquota reduzida de 35% para 18%.<\/p>\n\n\n\n<p>As mudan\u00e7as tamb\u00e9m contemplaram os carros el\u00e9tricos, h\u00edbridos e as motocicletas. Para os ve\u00edculos eletrificados, a tarifa de importa\u00e7\u00e3o foi zerada nos casos em que o valor de nota fiscal no porto (FOB) seja de at\u00e9 US$ 16 mil (cerca de R$ 93 mil). J\u00e1 as motocicletas com pre\u00e7os entre 15 e 30 milh\u00f5es de pesos passaram a ter isen\u00e7\u00e3o total do imposto, que anteriormente era de 20%.<\/p>\n\n\n\n<p>Na pr\u00e1tica, a mudan\u00e7a teve reflexos imediatos no bolso dos argentinos. Com a retirada e a redu\u00e7\u00e3o dos impostos, os pre\u00e7os dos carros novos ca\u00edram de forma significativa, levando algumas concession\u00e1rias a registrar valores historicamente mais baixos e a retomar o fluxo de consumidores \u00e0s lojas.<\/p>\n\n\n\n<p>Al\u00e9m disso, o aumento da demanda ajudou a aquecer o setor automotivo, impulsionando vendas, financiamentos e a movimenta\u00e7\u00e3o da cadeia produtiva ligada \u00e0 ind\u00fastria de ve\u00edculos. Ainda que o acesso continue limitado para fam\u00edlias de renda mais baixa, especialistas avaliam que a redu\u00e7\u00e3o tribut\u00e1ria trouxe al\u00edvio ao consumidor de classe m\u00e9dia.<\/p>\n\n\n\n<p><\/p>\n","protected":false},"excerpt":{"rendered":"<p>O governo da Argentina anunciou, em janeiro de 2025, a redu\u00e7\u00e3o de uma s\u00e9rie de impostos sobre carros e motos com o objetivo de tornar os ve\u00edculos mais acess\u00edveis \u00e0 popula\u00e7\u00e3o. A medida foi confirmada pelo ministro da Economia, Luis Caputo, por meio das redes sociais, e oficializada poucas horas depois com a assinatura de [&hellip;]<\/p>\n","protected":false},"author":4,"featured_media":14251,"comment_status":"open","ping_status":"open","sticky":false,"template":"","format":"standard","meta":{"jnews-multi-image_gallery":[],"jnews_single_post":{"format":"standard"},"jnews_primary_category":[],"jnews_social_meta":[],"jnews_post_split":[],"footnotes":""},"categories":[1],"tags":[],"class_list":["post-14247","post","type-post","status-publish","format-standard","has-post-thumbnail","hentry","category-uncategorized"],"_links":{"self":[{"href":"https:\/\/diariodepernambuco.audiencelabs.com.br\/wp-json\/wp\/v2\/posts\/14247","targetHints":{"allow":["GET"]}}],"collection":[{"href":"https:\/\/diariodepernambuco.audiencelabs.com.br\/wp-json\/wp\/v2\/posts"}],"about":[{"href":"https:\/\/diariodepernambuco.audiencelabs.com.br\/wp-json\/wp\/v2\/types\/post"}],"author":[{"embeddable":true,"href":"https:\/\/diariodepernambuco.audiencelabs.com.br\/wp-json\/wp\/v2\/users\/4"}],"replies":[{"embeddable":true,"href":"https:\/\/diariodepernambuco.audiencelabs.com.br\/wp-json\/wp\/v2\/comments?post=14247"}],"version-history":[{"count":2,"href":"https:\/\/diariodepernambuco.audiencelabs.com.br\/wp-json\/wp\/v2\/posts\/14247\/revisions"}],"predecessor-version":[{"id":14252,"href":"https:\/\/diariodepernambuco.audiencelabs.com.br\/wp-json\/wp\/v2\/posts\/14247\/revisions\/14252"}],"wp:featuredmedia":[{"embeddable":true,"href":"https:\/\/diariodepernambuco.audiencelabs.com.br\/wp-json\/wp\/v2\/media\/14251"}],"wp:attachment":[{"href":"https:\/\/diariodepernambuco.audiencelabs.com.br\/wp-json\/wp\/v2\/media?parent=14247"}],"wp:term":[{"taxonomy":"category","embeddable":true,"href":"https:\/\/diariodepernambuco.audiencelabs.com.br\/wp-json\/wp\/v2\/categories?post=14247"},{"taxonomy":"post_tag","embeddable":true,"href":"https:\/\/diariodepernambuco.audiencelabs.com.br\/wp-json\/wp\/v2\/tags?post=14247"}],"curies":[{"name":"wp","href":"https:\/\/api.w.org\/{rel}","templated":true}]}}