{"id":14253,"date":"2026-01-20T12:00:00","date_gmt":"2026-01-20T15:00:00","guid":{"rendered":"https:\/\/diariodepernambuco.audiencelabs.com.br\/?p=14253"},"modified":"2026-01-20T11:04:19","modified_gmt":"2026-01-20T14:04:19","slug":"ex-jogador-campeao-do-mundo-foi-agredido-pela-policia-e-motivo-e-surpreendente","status":"publish","type":"post","link":"https:\/\/diariodepernambuco.audiencelabs.com.br\/ex-jogador-campeao-do-mundo-foi-agredido-pela-policia-e-motivo-e-surpreendente\/","title":{"rendered":"Ex-jogador campe\u00e3o do mundo foi agredido pela Pol\u00edcia e motivo \u00e9 surpreendente"},"content":{"rendered":"\n<p>Perdig\u00e3o, ex-jogador do Internacional e campe\u00e3o mundial em 2006, denunciou ter sido agredido por policiais militares ap\u00f3s o confronto entre S\u00e3o Joseense e Oper\u00e1rio-PR, realizado na Vila Capanema, em Curitiba, pelo Campeonato Paranaense. Segundo ele, a viol\u00eancia ocorreu ao fim da partida e foi relatada em publica\u00e7\u00f5es feitas nas redes sociais.<\/p>\n\n\n\n<p>O ex-atleta divulgou v\u00eddeos que mostram o momento em que \u00e9 atingido por golpes de cassetete e empurrado por um policial, al\u00e9m de imagens com hematomas pelo corpo. Perdig\u00e3o tamb\u00e9m tornou p\u00fablica uma nota de rep\u00fadio, na qual critica a atua\u00e7\u00e3o da pol\u00edcia e pede esclarecimentos sobre o ocorrido.<\/p>\n\n\n\n<p>De acordo com Perdig\u00e3o, a agress\u00e3o aconteceu no momento em que ele se aproximou de um policial apenas para cumpriment\u00e1-lo, elogiar o trabalho e desejar boa noite. Ainda segundo o ex-jogador, o agente reagiu de forma inesperada e violenta, sem qualquer explica\u00e7\u00e3o, desferindo um golpe de cassetete.<\/p>\n\n\n\n<p>Nas publica\u00e7\u00f5es, Perdig\u00e3o afirmou que sempre manteve uma postura calma e respeitosa, lamentou o epis\u00f3dio e destacou que atitudes isoladas como essa acabam manchando a imagem da institui\u00e7\u00e3o policial. Ele tamb\u00e9m informou que j\u00e1 est\u00e3o sendo adotadas as medidas legais necess\u00e1rias para a apura\u00e7\u00e3o dos fatos e a responsabiliza\u00e7\u00e3o do agente envolvido.<\/p>\n\n\n\n<h2 class=\"wp-block-heading\">Leia a nota de Perdig\u00e3o na \u00edntegra<\/h2>\n\n\n\n<p><em>&#8220;Quero relatar uma situa\u00e7\u00e3o extremamente constrangedora e dolorosa que vivi neste final de semana.<\/em><\/p>\n\n\n\n<p><em>Neste domingo, dia 18\/01, na sa\u00edda do jogo entre S\u00e3o Joseense x Oper\u00e1rio na Vila Capanema, fui covardemente agredido por um membro despreparado da Pol\u00edcia Militar. \u00c9 lament\u00e1vel que uma atitude isolada como essa acabe manchando a imagem de uma institui\u00e7\u00e3o que deveria existir para proteger o cidad\u00e3o.<\/em><\/p>\n\n\n\n<p><em>Todos que me conhecem sabem que sou uma pessoa tranquila, bem-quista e que gosta de interagir com as pessoas. Naquele momento, me aproximei de um policial apenas para cumpriment\u00e1-lo, parabenizar pelo servi\u00e7o e desejar boa noite. N\u00e3o sei se houve algum mal-entendido, mas, de forma repentina e sem qualquer justificativa, ele veio em minha dire\u00e7\u00e3o me agredindo com um cassetete.<\/em><\/p>\n\n\n\n<p><em>Em todo momento tentei apaziguar a situa\u00e7\u00e3o, me afastando e demonstrando que n\u00e3o havia qualquer inten\u00e7\u00e3o de confronto. N\u00e3o fui violento, n\u00e3o fui rude e n\u00e3o reagi \u00e0 agress\u00e3o. Ainda assim, a viol\u00eancia aconteceu de forma totalmente gratuita e injustific\u00e1vel.<\/em><\/p>\n\n\n\n<p><em>Refor\u00e7o que, como cidad\u00e3o, temos direitos que precisam ser respeitados. Viol\u00eancia, especialmente vinda de quem tem o dever de zelar pela nossa seguran\u00e7a, \u00e9 inadmiss\u00edvel.<\/em><\/p>\n\n\n\n<p><em>Informo que todas as medidas cab\u00edveis j\u00e1 est\u00e3o sendo tomadas, e espero sinceramente que o respons\u00e1vel seja devidamente responsabilizado.&#8221;<\/em><\/p>\n\n\n\n<p><\/p>\n","protected":false},"excerpt":{"rendered":"<p>Perdig\u00e3o, ex-jogador do Internacional e campe\u00e3o mundial em 2006, denunciou ter sido agredido por policiais militares ap\u00f3s o confronto entre S\u00e3o Joseense e Oper\u00e1rio-PR, realizado na Vila Capanema, em Curitiba, pelo Campeonato Paranaense. Segundo ele, a viol\u00eancia ocorreu ao fim da partida e foi relatada em publica\u00e7\u00f5es feitas nas redes sociais. O ex-atleta divulgou v\u00eddeos [&hellip;]<\/p>\n","protected":false},"author":4,"featured_media":14255,"comment_status":"open","ping_status":"open","sticky":false,"template":"","format":"standard","meta":{"jnews-multi-image_gallery":[],"jnews_single_post":{"format":"standard"},"jnews_primary_category":[],"jnews_social_meta":[],"jnews_post_split":[],"footnotes":""},"categories":[1],"tags":[],"class_list":["post-14253","post","type-post","status-publish","format-standard","has-post-thumbnail","hentry","category-uncategorized"],"_links":{"self":[{"href":"https:\/\/diariodepernambuco.audiencelabs.com.br\/wp-json\/wp\/v2\/posts\/14253","targetHints":{"allow":["GET"]}}],"collection":[{"href":"https:\/\/diariodepernambuco.audiencelabs.com.br\/wp-json\/wp\/v2\/posts"}],"about":[{"href":"https:\/\/diariodepernambuco.audiencelabs.com.br\/wp-json\/wp\/v2\/types\/post"}],"author":[{"embeddable":true,"href":"https:\/\/diariodepernambuco.audiencelabs.com.br\/wp-json\/wp\/v2\/users\/4"}],"replies":[{"embeddable":true,"href":"https:\/\/diariodepernambuco.audiencelabs.com.br\/wp-json\/wp\/v2\/comments?post=14253"}],"version-history":[{"count":2,"href":"https:\/\/diariodepernambuco.audiencelabs.com.br\/wp-json\/wp\/v2\/posts\/14253\/revisions"}],"predecessor-version":[{"id":14256,"href":"https:\/\/diariodepernambuco.audiencelabs.com.br\/wp-json\/wp\/v2\/posts\/14253\/revisions\/14256"}],"wp:featuredmedia":[{"embeddable":true,"href":"https:\/\/diariodepernambuco.audiencelabs.com.br\/wp-json\/wp\/v2\/media\/14255"}],"wp:attachment":[{"href":"https:\/\/diariodepernambuco.audiencelabs.com.br\/wp-json\/wp\/v2\/media?parent=14253"}],"wp:term":[{"taxonomy":"category","embeddable":true,"href":"https:\/\/diariodepernambuco.audiencelabs.com.br\/wp-json\/wp\/v2\/categories?post=14253"},{"taxonomy":"post_tag","embeddable":true,"href":"https:\/\/diariodepernambuco.audiencelabs.com.br\/wp-json\/wp\/v2\/tags?post=14253"}],"curies":[{"name":"wp","href":"https:\/\/api.w.org\/{rel}","templated":true}]}}