{"id":14257,"date":"2026-01-20T12:30:00","date_gmt":"2026-01-20T15:30:00","guid":{"rendered":"https:\/\/diariodepernambuco.audiencelabs.com.br\/?p=14257"},"modified":"2026-01-20T11:46:47","modified_gmt":"2026-01-20T14:46:47","slug":"regra-de-aluguel-pouco-conhecida-proibe-cachorros-nos-apartamentos-deste-lugar-asiatico","status":"publish","type":"post","link":"https:\/\/diariodepernambuco.audiencelabs.com.br\/regra-de-aluguel-pouco-conhecida-proibe-cachorros-nos-apartamentos-deste-lugar-asiatico\/","title":{"rendered":"Regra de aluguel pouco conhecida pro\u00edbe cachorros e gatos nos apartamentos deste pa\u00eds asi\u00e1tico"},"content":{"rendered":"\n<p>Para muitas pessoas, os animais de estima\u00e7\u00e3o j\u00e1 ocupam um lugar de destaque na fam\u00edlia, a ponto de a vida sem eles parecer impens\u00e1vel. No Jap\u00e3o, por\u00e9m, esse desejo nem sempre pode ser atendido, j\u00e1 que morar com um c\u00e3o ou um gato ainda \u00e9 um privil\u00e9gio restrito para parte da popula\u00e7\u00e3o.<\/p>\n\n\n\n<p>Apesar de c\u00e3es, gatos e outros pets serem \u00f3timos companheiros, sua presen\u00e7a tamb\u00e9m pode gerar transtornos. Latidos que incomodam vizinhos, sujeira deixada pelos animais e at\u00e9 situa\u00e7\u00f5es como fugas ou mordidas s\u00e3o fatores que frequentemente provocam conflitos e desentendimentos nas \u00e1reas residenciais.<\/p>\n\n\n\n<p>Por esse motivo, a restri\u00e7\u00e3o \u00e0 presen\u00e7a de animais \u00e9 uma pr\u00e1tica comum entre empresas respons\u00e1veis pela administra\u00e7\u00e3o de im\u00f3veis, especialmente em apartamentos. Nos contratos assinados pelos inquilinos, h\u00e1 cl\u00e1usulas espec\u00edficas que deixam claro se a cria\u00e7\u00e3o de pets \u00e9 permitida ou n\u00e3o no im\u00f3vel.<\/p>\n\n\n\n<p>Ainda assim, surge uma d\u00favida frequente: quando h\u00e1 proibi\u00e7\u00e3o, o que pode acontecer se o morador decidir manter um animal de forma escondida? A resposta \u00e9 direta: o inquilino n\u00e3o deve descumprir as regras estabelecidas no contrato firmado com a imobili\u00e1ria ou com o propriet\u00e1rio do im\u00f3vel. Caso isso ocorra, a administradora do pr\u00e9dio pode exigir que o morador retire o animal da resid\u00eancia.<\/p>\n\n\n\n<h2 class=\"wp-block-heading\">Contratos r\u00edgidos e penalidades para quem descumpre as normas<\/h2>\n\n\n<style>@media (min-width: 992px) {\n    .recomendadorV2Area1 {\n        width: 280px;\n    }\n    .recomendadorV2Area2 {\n        padding: 0px 20px;\n        width: calc(100% - 280px);\n    }\n}\n\n@media (max-width: 992px) {\n    .recomendadorV2Button {\n        margin: 0 auto;\n    }\n    .recomendadorV2Area {\n        flex-direction: column;\n        text-align: center;\n    }\n    .recomendadorV2Area2 {\n        padding: 0px 20px;\n    }\n}\n\n.recomendadorV2Area {\n    background: #eeeeee3d;\n    border-radius: 10px;\n    padding: 15px;\n    display: flex;\n    margin: 15px auto;\n    border: 1px solid #00000014;\n    max-width: 800px;\n}\n\n.recomendadorV2Area1 img {\n    width: 280px;\n    height: auto;\n    border-radius: 8px;\n}\n\n.linkrecomendadorv2 {\n    text-decoration: none !important;\n}\n\n.recomendadorV2Area2 .recomendadorV2Type {\n    text-transform: uppercase;\n    font-weight: 500;\n    font-size: 11px;\n    letter-spacing: 2px;\n    color: #666;\n    margin: 12px 0;\n    display: block;\n}\n\n.recomendadorV2Title h2 {\n    padding-top: 0px !important;\n    margin: 0px !important;\n    border-left: none !important;\n    padding-left: 0px !important;\n    line-height: 1.3;\n    color: #000 !important;\n    font-size: 24px;\n    margin-bottom: 12px !important;\n}\n\n.recomendadorV2Desc {\n    color: #333;\n    margin: 12px 0px !important;\n    font-size: 15px;\n    line-height: 1.5;\n}\n\n.recomendadorV2Button {\n    width: auto;\n    max-width: 200px;\n    margin: 0;\n    display: inline-flex;\n    align-items: center;\n    background: #1D3557;\n    border-radius: 8px;\n    color: #fff;\n    height: 36px;\n    justify-content: center;\n    text-align: center;\n    font-size: 14px;\n    padding: 0 20px;\n    transition: background-color 0.2s ease;\n}\n\n.recomendadorV2Button:hover {\n    background: #2a4d7a;\n}\n\n.recomendadorV2Button:after {\n    margin-top: -2px;\n    content: \"\u2192\";\n    padding: 0px 0px 0px 8px;\n}\n\n.recomendadorV2Alert {\n    text-align: left;\n    font-size: 11px;\n    margin-top: 8px;\n    color: #666;\n}\n\n.recomendadorFixedArea {\n    width: 100%;\n    display: flex;\n    justify-content: center;\n    align-items: center;\n}\n\n@media (min-width: 992px) {\n    #recomendadorFixed {\n        width: 32% !important;\n        left: 5%;\n    }\n    .recomendadorCloseFixed{\n        right: inherit !important;\n        left: 378px !important;\n    }\n}\n\n#recomendadorFixed {\n    width: 90%;\n    box-shadow: 0 10px 20px 0px #00000057;\n    display: none;\n    height: 90px;\n    background: #F6F6F6;\n    position: fixed;\n    flex-direction: row;\n    bottom: 10px;\n    z-index: 9999;\n    border-radius: 16px;\n    padding: 7px 10px;\n}\n\n.recomendadorLeftArea {\n    width: 160px;\n}\n\n.recomendadorRightArea h2 {\n    padding-top: 0px;\n    margin: 2px 0px 4px 0px !important;\n    font-weight: 400;\n    text-align: center;\n    padding-left: 0px !important;\n    color: #000 !important;\n    border-left: none !important;\n    line-height: 20px;\n    font-size: 12px !important;\n}\n\n.recomendadorImgFixed {\n    overflow: hidden;\n    padding: 8px 6px;\n    height: 100%;\n}\n\n.recomendadorImgFixed img {\n    height: 100% !important;\n    border-radius: 16px;\n}\n\n.recomendadorRightArea {\n    padding-top: 6px;\n    display: flex;\n    width: calc(100% - 130px);\n    justify-content: space-between;\n    align-items: center;\n    flex-direction: column;\n}\n\n.recomendadorButtonFixed {\n    margin: 0 auto;\n    background: #1D3557;\n    width: 80%;\n    text-align: center;\n    font-size: 10px;\n    color: #FFF;\n    padding: 2px 10px;\n    border-radius: 3px;\n}\n\n.recomendadorButtonFixed:after {\n    margin-top: -3px;\n    content: \"\u2192\";\n    padding: 0px 0px 0px 10px;\n}\n\n.recomendadorAlertFixed {\n    font-weight: 400;\n    text-align: center;\n    color: #484848;\n    font-size: 8px;\n}\n\n.recomendadorCloseFixed {\n    z-index: 99999;\n    display: none;\n    right: 0px;\n    left: inherit;\n    bottom: 99px;\n    position: fixed;\n    justify-content: center;\n    background: #F6F6F6;\n    width: 25px;\n    align-items: center;\n    height: 25px;\n    font-weight: 800;\n    border-radius: 50%;\n    border: 1px solid #EBEBEB;\n}\n\n.recomendadorV2Desc{\n    color: #000000;\n    margin: 20px 0px;\n}\n\n@media (max-width: 576px) {\n    .recomendadorV2Area {\n      padding: 10px;\n      max-width: 100%;\n    }\n  \n    .recomendadorV2Area1 img {\n      width: 100%;\n      border-radius: 6px;\n    }\n  \n    .recomendadorV2Area2 .recomendadorV2Type {\n      font-size: 9px;\n      letter-spacing: 1px;\n      margin: 8px 0;\n    }\n  \n    .recomendadorV2Title h2 {\n      font-size: 18px !important;\n      margin-bottom: 8px !important;\n      line-height: 1.2;\n    }\n  \n    .recomendadorV2Desc {\n      font-size: 14px;\n      margin: 8px 0 !important;\n      line-height: 1.4;\n    }\n  \n    .recomendadorV2Button {\n      font-size: 12px;\n      height: 30px;\n      padding: 0 12px;\n      max-width: 160px;\n    }\n  \n    .recomendadorV2Button:after {\n      padding-left: 6px;\n    }\n  }\n  <\/style>\n        <div class=\"lazyblock-recomendador-v2-2jDGz wp-block-lazyblock-recomendador-v2\">\n        <a class=\"linkrecomendadorv2\" href=\"https:\/\/diariodepernambuco.com.br\/dpmais\/mudanca-nas-regras-dos-alugueis-agora-cobra-inquilinos-em-dolar-caso-o-proprietario-deseje-neste-pais\/?utm_source=lazy\" target=\"_blank\" rel=\"noopener\">\n            <div class=\"recomendadorV2Area\">\n            <div class=\"recomendadorV2Area1\">\n                <div class=\"recomendadorV2Img\">\n                <img class=\"lazyloaded\" decoding=\"async\" src=\"https:\/\/diariodepernambuco.com.br\/dpmais\/wp-content\/uploads\/2025\/09\/Dolar-1140x570.jpg\" data-src=\"https:\/\/diariodepernambuco.com.br\/dpmais\/wp-content\/uploads\/2025\/09\/Dolar-1140x570.jpg\" alt=\"\">\n                <\/div>\n            <\/div>\n            <div class=\"recomendadorV2Area2\">\n                <div class=\"recomendadorV2Type\">\n                    <span>Aluguel exterior<\/span>\n                <\/div>\n                <div class=\"recomendadorV2Title\">\n                <h2><span>Aluguel agora em d\u00f3lar \ud83d\udcb5<\/span><\/h2>\n                <\/div>\n                <div class=\"recomendadorV2Desc\">\n                <span>Entenda a nova regra que afeta inquilinos<\/span>\n                <\/div>\n                <div class=\"recomendadorV2Button\">Saiba mais<\/div>\n                <div class=\"recomendadorV2Alert\"><\/div>\n            <\/div>\n            <\/div>\n        <\/a>\n        <div>\n            <div style=\"z-index:99999;\" id=\"buttonClose\" onclick=\"closeRecomendadorFixed()\">\n            <div class=\"recomendadorCloseFixed\">X<\/div>\n            <\/div>\n            <a href=\"https:\/\/diariodepernambuco.com.br\/dpmais\/mudanca-nas-regras-dos-alugueis-agora-cobra-inquilinos-em-dolar-caso-o-proprietario-deseje-neste-pais\/?utm_source=lazy\" target=\"_blank\" rel=\"noopener\">\n            <div class=\"recomendadorFixedArea\">\n                <div id=\"recomendadorFixed\">\n                <div class=\"recomendadorLeftArea\">\n                    <div class=\"recomendadorImgFixed\">\n                    <img class=\"lazyload\" decoding=\"async\" src=\"https:\/\/diariodepernambuco.com.br\/dpmais\/wp-content\/uploads\/2025\/09\/Dolar-1140x570.jpg\" alt=\"\">\n                    <\/div>\n                <\/div>\n                <div class=\"recomendadorRightArea\">\n                    <div class=\"recomendadorTitleFixed\">\n                    <h2><span>Aluguel agora em d\u00f3lar \ud83d\udcb5<\/span><\/h2>\n                    <\/div>\n                    <div class=\"recomendadorButtonFixed\">Saiba mais<\/div>\n                    <div class=\"recomendadorAlertFixed\"><\/div>\n                <\/div>\n                <\/div>\n            <\/div>\n            <\/a>\n        <\/div>\n        <\/div>\n\n\n\n<p>No Jap\u00e3o, as regras relacionadas \u00e0 moradia costumam ser seguidas de forma rigorosa, e isso inclui as cl\u00e1usulas que tratam da presen\u00e7a de animais de estima\u00e7\u00e3o. Caso o inquilino desrespeite a proibi\u00e7\u00e3o prevista em contrato, al\u00e9m de ser obrigado a retirar o pet do apartamento, ele pode sofrer advert\u00eancias formais e at\u00e9 san\u00e7\u00f5es previstas no acordo de loca\u00e7\u00e3o.<\/p>\n\n\n\n<p>Em situa\u00e7\u00f5es mais graves, a insist\u00eancia em manter o animal pode resultar na rescis\u00e3o do contrato e na perda de valores pagos como garantia, como cau\u00e7\u00e3o ou taxas iniciais. Por isso, especialistas recomendam que interessados em morar no pa\u00eds verifiquem cuidadosamente as regras antes de assinar o contrato e, se desejarem ter um pet, busquem im\u00f3veis espec\u00edficos que autorizem a conviv\u00eancia com animais.<\/p>\n\n\n\n<p><\/p>\n","protected":false},"excerpt":{"rendered":"<p>Para muitas pessoas, os animais de estima\u00e7\u00e3o j\u00e1 ocupam um lugar de destaque na fam\u00edlia, a ponto de a vida sem eles parecer impens\u00e1vel. No Jap\u00e3o, por\u00e9m, esse desejo nem sempre pode ser atendido, j\u00e1 que morar com um c\u00e3o ou um gato ainda \u00e9 um privil\u00e9gio restrito para parte da popula\u00e7\u00e3o. Apesar de c\u00e3es, [&hellip;]<\/p>\n","protected":false},"author":4,"featured_media":9790,"comment_status":"open","ping_status":"open","sticky":false,"template":"","format":"standard","meta":{"jnews-multi-image_gallery":[],"jnews_single_post":{"format":"standard"},"jnews_primary_category":[],"jnews_social_meta":[],"jnews_post_split":[],"footnotes":""},"categories":[1],"tags":[],"class_list":["post-14257","post","type-post","status-publish","format-standard","has-post-thumbnail","hentry","category-uncategorized"],"_links":{"self":[{"href":"https:\/\/diariodepernambuco.audiencelabs.com.br\/wp-json\/wp\/v2\/posts\/14257","targetHints":{"allow":["GET"]}}],"collection":[{"href":"https:\/\/diariodepernambuco.audiencelabs.com.br\/wp-json\/wp\/v2\/posts"}],"about":[{"href":"https:\/\/diariodepernambuco.audiencelabs.com.br\/wp-json\/wp\/v2\/types\/post"}],"author":[{"embeddable":true,"href":"https:\/\/diariodepernambuco.audiencelabs.com.br\/wp-json\/wp\/v2\/users\/4"}],"replies":[{"embeddable":true,"href":"https:\/\/diariodepernambuco.audiencelabs.com.br\/wp-json\/wp\/v2\/comments?post=14257"}],"version-history":[{"count":3,"href":"https:\/\/diariodepernambuco.audiencelabs.com.br\/wp-json\/wp\/v2\/posts\/14257\/revisions"}],"predecessor-version":[{"id":14268,"href":"https:\/\/diariodepernambuco.audiencelabs.com.br\/wp-json\/wp\/v2\/posts\/14257\/revisions\/14268"}],"wp:featuredmedia":[{"embeddable":true,"href":"https:\/\/diariodepernambuco.audiencelabs.com.br\/wp-json\/wp\/v2\/media\/9790"}],"wp:attachment":[{"href":"https:\/\/diariodepernambuco.audiencelabs.com.br\/wp-json\/wp\/v2\/media?parent=14257"}],"wp:term":[{"taxonomy":"category","embeddable":true,"href":"https:\/\/diariodepernambuco.audiencelabs.com.br\/wp-json\/wp\/v2\/categories?post=14257"},{"taxonomy":"post_tag","embeddable":true,"href":"https:\/\/diariodepernambuco.audiencelabs.com.br\/wp-json\/wp\/v2\/tags?post=14257"}],"curies":[{"name":"wp","href":"https:\/\/api.w.org\/{rel}","templated":true}]}}