{"id":14261,"date":"2026-01-20T13:30:00","date_gmt":"2026-01-20T16:30:00","guid":{"rendered":"https:\/\/diariodepernambuco.audiencelabs.com.br\/?p=14261"},"modified":"2026-01-21T14:07:52","modified_gmt":"2026-01-21T17:07:52","slug":"megaloja-japonesa-chegou-ao-brasil-para-ameacar-reinado-de-luciano-hang","status":"publish","type":"post","link":"https:\/\/diariodepernambuco.audiencelabs.com.br\/megaloja-japonesa-chegou-ao-brasil-para-ameacar-reinado-de-luciano-hang\/","title":{"rendered":"Megaloja japonesa chegou ao Brasil para amea\u00e7ar reinado de Luciano Hang"},"content":{"rendered":"\n<p>Em diferentes cidades do Brasil, \u00e9 quase imposs\u00edvel n\u00e3o perceber a presen\u00e7a marcante da Havan, identificada pelo azul de suas lojas e pelas fachadas grandiosas inspiradas na arquitetura americana, sempre acompanhadas da famosa Est\u00e1tua da Liberdade na entrada. Esse visual se consolidou como a principal marca de Luciano Hang, hoje um dos empres\u00e1rios mais conhecidos do pa\u00eds.<\/p>\n\n\n\n<p>Enquanto o empres\u00e1rio de 63 anos aposta em inaugura\u00e7\u00f5es de grande porte e a\u00e7\u00f5es publicit\u00e1rias de alto impacto, uma concorrente de perfil mais discreto avan\u00e7a silenciosamente no mercado brasileiro e desponta como uma poss\u00edvel amea\u00e7a ao seu dom\u00ednio. Trata-se da Daiso Japan, multinacional japonesa do varejo amplamente reconhecida no cen\u00e1rio internacional.<\/p>\n\n\n\n<p>Recentemente, a Daiso inaugurou uma megaloja em Blumenau, Santa Catarina. Instalada no Shopping H, a unidade conta com cerca de 400 metros quadrados e chega com a promessa de movimentar o com\u00e9rcio local. A abertura refor\u00e7a a estrat\u00e9gia de expans\u00e3o da marca no Brasil, iniciada em 2012, e evidencia a inten\u00e7\u00e3o de disputar espa\u00e7o com grandes redes nacionais.<\/p>\n\n\n\n<p>A unidade de Blumenau \u00e9 a terceira da Daiso em Santa Catarina e marca a estreia da rede no Vale do Itaja\u00ed. A marca \u00e9 conhecida pela grande variedade de itens inspirados na cultura japonesa, incluindo utilidades dom\u00e9sticas, produtos de papelaria e alimentos orientais, variedade que atrai consumidores interessados em novidades aliadas a pre\u00e7os acess\u00edveis.<\/p>\n\n\n\n<h2 class=\"wp-block-heading\">Modelo japon\u00eas aposta em variedade, pre\u00e7os baixos e crescimento gradual<\/h2>\n\n\n<style>@media (min-width: 992px) {\n    .recomendadorV2Area1 {\n        width: 280px;\n    }\n    .recomendadorV2Area2 {\n        padding: 0px 20px;\n        width: calc(100% - 280px);\n    }\n}\n\n@media (max-width: 992px) {\n    .recomendadorV2Button {\n        margin: 0 auto;\n    }\n    .recomendadorV2Area {\n        flex-direction: column;\n        text-align: center;\n    }\n    .recomendadorV2Area2 {\n        padding: 0px 20px;\n    }\n}\n\n.recomendadorV2Area {\n    background: #eeeeee3d;\n    border-radius: 10px;\n    padding: 15px;\n    display: flex;\n    margin: 15px auto;\n    border: 1px solid #00000014;\n    max-width: 800px;\n}\n\n.recomendadorV2Area1 img {\n    width: 280px;\n    height: auto;\n    border-radius: 8px;\n}\n\n.linkrecomendadorv2 {\n    text-decoration: none !important;\n}\n\n.recomendadorV2Area2 .recomendadorV2Type {\n    text-transform: uppercase;\n    font-weight: 500;\n    font-size: 11px;\n    letter-spacing: 2px;\n    color: #666;\n    margin: 12px 0;\n    display: block;\n}\n\n.recomendadorV2Title h2 {\n    padding-top: 0px !important;\n    margin: 0px !important;\n    border-left: none !important;\n    padding-left: 0px !important;\n    line-height: 1.3;\n    color: #000 !important;\n    font-size: 24px;\n    margin-bottom: 12px !important;\n}\n\n.recomendadorV2Desc {\n    color: #333;\n    margin: 12px 0px !important;\n    font-size: 15px;\n    line-height: 1.5;\n}\n\n.recomendadorV2Button {\n    width: auto;\n    max-width: 200px;\n    margin: 0;\n    display: inline-flex;\n    align-items: center;\n    background: #1D3557;\n    border-radius: 8px;\n    color: #fff;\n    height: 36px;\n    justify-content: center;\n    text-align: center;\n    font-size: 14px;\n    padding: 0 20px;\n    transition: background-color 0.2s ease;\n}\n\n.recomendadorV2Button:hover {\n    background: #2a4d7a;\n}\n\n.recomendadorV2Button:after {\n    margin-top: -2px;\n    content: \"\u2192\";\n    padding: 0px 0px 0px 8px;\n}\n\n.recomendadorV2Alert {\n    text-align: left;\n    font-size: 11px;\n    margin-top: 8px;\n    color: #666;\n}\n\n.recomendadorFixedArea {\n    width: 100%;\n    display: flex;\n    justify-content: center;\n    align-items: center;\n}\n\n@media (min-width: 992px) {\n    #recomendadorFixed {\n        width: 32% !important;\n        left: 5%;\n    }\n    .recomendadorCloseFixed{\n        right: inherit !important;\n        left: 378px !important;\n    }\n}\n\n#recomendadorFixed {\n    width: 90%;\n    box-shadow: 0 10px 20px 0px #00000057;\n    display: none;\n    height: 90px;\n    background: #F6F6F6;\n    position: fixed;\n    flex-direction: row;\n    bottom: 10px;\n    z-index: 9999;\n    border-radius: 16px;\n    padding: 7px 10px;\n}\n\n.recomendadorLeftArea {\n    width: 160px;\n}\n\n.recomendadorRightArea h2 {\n    padding-top: 0px;\n    margin: 2px 0px 4px 0px !important;\n    font-weight: 400;\n    text-align: center;\n    padding-left: 0px !important;\n    color: #000 !important;\n    border-left: none !important;\n    line-height: 20px;\n    font-size: 12px !important;\n}\n\n.recomendadorImgFixed {\n    overflow: hidden;\n    padding: 8px 6px;\n    height: 100%;\n}\n\n.recomendadorImgFixed img {\n    height: 100% !important;\n    border-radius: 16px;\n}\n\n.recomendadorRightArea {\n    padding-top: 6px;\n    display: flex;\n    width: calc(100% - 130px);\n    justify-content: space-between;\n    align-items: center;\n    flex-direction: column;\n}\n\n.recomendadorButtonFixed {\n    margin: 0 auto;\n    background: #1D3557;\n    width: 80%;\n    text-align: center;\n    font-size: 10px;\n    color: #FFF;\n    padding: 2px 10px;\n    border-radius: 3px;\n}\n\n.recomendadorButtonFixed:after {\n    margin-top: -3px;\n    content: \"\u2192\";\n    padding: 0px 0px 0px 10px;\n}\n\n.recomendadorAlertFixed {\n    font-weight: 400;\n    text-align: center;\n    color: #484848;\n    font-size: 8px;\n}\n\n.recomendadorCloseFixed {\n    z-index: 99999;\n    display: none;\n    right: 0px;\n    left: inherit;\n    bottom: 99px;\n    position: fixed;\n    justify-content: center;\n    background: #F6F6F6;\n    width: 25px;\n    align-items: center;\n    height: 25px;\n    font-weight: 800;\n    border-radius: 50%;\n    border: 1px solid #EBEBEB;\n}\n\n.recomendadorV2Desc{\n    color: #000000;\n    margin: 20px 0px;\n}\n\n@media (max-width: 576px) {\n    .recomendadorV2Area {\n      padding: 10px;\n      max-width: 100%;\n    }\n  \n    .recomendadorV2Area1 img {\n      width: 100%;\n      border-radius: 6px;\n    }\n  \n    .recomendadorV2Area2 .recomendadorV2Type {\n      font-size: 9px;\n      letter-spacing: 1px;\n      margin: 8px 0;\n    }\n  \n    .recomendadorV2Title h2 {\n      font-size: 18px !important;\n      margin-bottom: 8px !important;\n      line-height: 1.2;\n    }\n  \n    .recomendadorV2Desc {\n      font-size: 14px;\n      margin: 8px 0 !important;\n      line-height: 1.4;\n    }\n  \n    .recomendadorV2Button {\n      font-size: 12px;\n      height: 30px;\n      padding: 0 12px;\n      max-width: 160px;\n    }\n  \n    .recomendadorV2Button:after {\n      padding-left: 6px;\n    }\n  }\n  <\/style>\n        <div class=\"lazyblock-recomendador-v2-2jDGz wp-block-lazyblock-recomendador-v2\">\n        <a class=\"linkrecomendadorv2\" href=\"https:\/\/diariodepernambuco.com.br\/dpmais\/ganhador-da-mega-da-virada-sacou-todo-dinheiro-e-nao-dividiu-o-premio\/?utm_source=lazy\" target=\"_blank\" rel=\"noopener\">\n            <div class=\"recomendadorV2Area\">\n            <div class=\"recomendadorV2Area1\">\n                <div class=\"recomendadorV2Img\">\n                <img class=\"lazyloaded\" decoding=\"async\" src=\"https:\/\/diariodepernambuco.com.br\/dpmais\/wp-content\/uploads\/2026\/01\/ganhador-mega-da-virada-sacou-todo-dinheiro-e-nao-dividiu-premio-1140x570.jpg\" data-src=\"https:\/\/diariodepernambuco.com.br\/dpmais\/wp-content\/uploads\/2026\/01\/ganhador-mega-da-virada-sacou-todo-dinheiro-e-nao-dividiu-premio-1140x570.jpg\" alt=\"\">\n                <\/div>\n            <\/div>\n            <div class=\"recomendadorV2Area2\">\n                <div class=\"recomendadorV2Type\">\n                    <span>Mega Virada<\/span>\n                <\/div>\n                <div class=\"recomendadorV2Title\">\n                <h2><span>Ganhador sacou tudo sozinho \ud83d\udcb0<\/span><\/h2>\n                <\/div>\n                <div class=\"recomendadorV2Desc\">\n                <span>Veja o que aconteceu ap\u00f3s o pr\u00eamio hist\u00f3rico<\/span>\n                <\/div>\n                <div class=\"recomendadorV2Button\">Ver hist\u00f3ria<\/div>\n                <div class=\"recomendadorV2Alert\"><\/div>\n            <\/div>\n            <\/div>\n        <\/a>\n        <div>\n            <div style=\"z-index:99999;\" id=\"buttonClose\" onclick=\"closeRecomendadorFixed()\">\n            <div class=\"recomendadorCloseFixed\">X<\/div>\n            <\/div>\n            <a href=\"https:\/\/diariodepernambuco.com.br\/dpmais\/ganhador-da-mega-da-virada-sacou-todo-dinheiro-e-nao-dividiu-o-premio\/?utm_source=lazy\" target=\"_blank\" rel=\"noopener\">\n            <div class=\"recomendadorFixedArea\">\n                <div id=\"recomendadorFixed\">\n                <div class=\"recomendadorLeftArea\">\n                    <div class=\"recomendadorImgFixed\">\n                    <img class=\"lazyload\" decoding=\"async\" src=\"https:\/\/diariodepernambuco.com.br\/dpmais\/wp-content\/uploads\/2026\/01\/ganhador-mega-da-virada-sacou-todo-dinheiro-e-nao-dividiu-premio-1140x570.jpg\" alt=\"\">\n                    <\/div>\n                <\/div>\n                <div class=\"recomendadorRightArea\">\n                    <div class=\"recomendadorTitleFixed\">\n                    <h2><span>Ganhador sacou tudo sozinho \ud83d\udcb0<\/span><\/h2>\n                    <\/div>\n                    <div class=\"recomendadorButtonFixed\">Ver hist\u00f3ria<\/div>\n                    <div class=\"recomendadorAlertFixed\"><\/div>\n                <\/div>\n                <\/div>\n            <\/div>\n            <\/a>\n        <\/div>\n        <\/div>\n\n\n\n<p>Diferentemente da estrat\u00e9gia adotada pela Havan, a Daiso investe em um modelo de neg\u00f3cios baseado na alta rotatividade de produtos, pre\u00e7os acess\u00edveis e forte apelo visual dentro das lojas. A proposta \u00e9 oferecer uma experi\u00eancia de compra pr\u00e1tica, com grande diversidade de itens do dia a dia, muitos deles exclusivos ou inspirados na cultura japonesa.<\/p>\n\n\n\n<p>Com uma expans\u00e3o mais silenciosa, por\u00e9m consistente, a rede japonesa vem ampliando sua presen\u00e7a em shoppings e grandes centros urbanos, priorizando locais de alto fluxo. Especialistas avaliam que esse crescimento gradual pode representar um desafio real para varejistas tradicionais no m\u00e9dio prazo, ao disputar o mesmo consumidor com uma proposta diferenciada.<\/p>\n\n\n\n<p><\/p>\n","protected":false},"excerpt":{"rendered":"<p>Em diferentes cidades do Brasil, \u00e9 quase imposs\u00edvel n\u00e3o perceber a presen\u00e7a marcante da Havan, identificada pelo azul de suas lojas e pelas fachadas grandiosas inspiradas na arquitetura americana, sempre acompanhadas da famosa Est\u00e1tua da Liberdade na entrada. Esse visual se consolidou como a principal marca de Luciano Hang, hoje um dos empres\u00e1rios mais conhecidos [&hellip;]<\/p>\n","protected":false},"author":4,"featured_media":14264,"comment_status":"open","ping_status":"open","sticky":false,"template":"","format":"standard","meta":{"jnews-multi-image_gallery":[],"jnews_single_post":{"format":"standard"},"jnews_primary_category":[],"jnews_social_meta":[],"jnews_post_split":[],"footnotes":""},"categories":[1],"tags":[],"class_list":["post-14261","post","type-post","status-publish","format-standard","has-post-thumbnail","hentry","category-uncategorized"],"_links":{"self":[{"href":"https:\/\/diariodepernambuco.audiencelabs.com.br\/wp-json\/wp\/v2\/posts\/14261","targetHints":{"allow":["GET"]}}],"collection":[{"href":"https:\/\/diariodepernambuco.audiencelabs.com.br\/wp-json\/wp\/v2\/posts"}],"about":[{"href":"https:\/\/diariodepernambuco.audiencelabs.com.br\/wp-json\/wp\/v2\/types\/post"}],"author":[{"embeddable":true,"href":"https:\/\/diariodepernambuco.audiencelabs.com.br\/wp-json\/wp\/v2\/users\/4"}],"replies":[{"embeddable":true,"href":"https:\/\/diariodepernambuco.audiencelabs.com.br\/wp-json\/wp\/v2\/comments?post=14261"}],"version-history":[{"count":3,"href":"https:\/\/diariodepernambuco.audiencelabs.com.br\/wp-json\/wp\/v2\/posts\/14261\/revisions"}],"predecessor-version":[{"id":14540,"href":"https:\/\/diariodepernambuco.audiencelabs.com.br\/wp-json\/wp\/v2\/posts\/14261\/revisions\/14540"}],"wp:featuredmedia":[{"embeddable":true,"href":"https:\/\/diariodepernambuco.audiencelabs.com.br\/wp-json\/wp\/v2\/media\/14264"}],"wp:attachment":[{"href":"https:\/\/diariodepernambuco.audiencelabs.com.br\/wp-json\/wp\/v2\/media?parent=14261"}],"wp:term":[{"taxonomy":"category","embeddable":true,"href":"https:\/\/diariodepernambuco.audiencelabs.com.br\/wp-json\/wp\/v2\/categories?post=14261"},{"taxonomy":"post_tag","embeddable":true,"href":"https:\/\/diariodepernambuco.audiencelabs.com.br\/wp-json\/wp\/v2\/tags?post=14261"}],"curies":[{"name":"wp","href":"https:\/\/api.w.org\/{rel}","templated":true}]}}