{"id":14270,"date":"2026-01-20T14:00:00","date_gmt":"2026-01-20T17:00:00","guid":{"rendered":"https:\/\/diariodepernambuco.audiencelabs.com.br\/?p=14270"},"modified":"2026-01-20T11:52:45","modified_gmt":"2026-01-20T14:52:45","slug":"nome-masculino-popular-foi-extinto-dos-registros-no-brasil","status":"publish","type":"post","link":"https:\/\/diariodepernambuco.audiencelabs.com.br\/nome-masculino-popular-foi-extinto-dos-registros-no-brasil\/","title":{"rendered":"Nome masculino popular foi extinto dos registros no Brasil"},"content":{"rendered":"\n<p>Nomes masculinos que fizeram parte da identidade de gera\u00e7\u00f5es inteiras de brasileiros quase n\u00e3o aparecem mais nos registros de nascimento atuais. Dados do Censo 2022, divulgados pelo Instituto Brasileiro de Geografia e Estat\u00edstica (IBGE), mostram que escolhas antes populares, presentes em fam\u00edlias, escolas e bairros, hoje se tornaram incomuns entre os rec\u00e9m-nascidos.<\/p>\n\n\n\n<p>Ao longo de grande parte do s\u00e9culo 20, era frequente que pais optassem por nomes j\u00e1 consolidados no ambiente familiar ou na comunidade. Everaldo, Osvaldo, Genival, Cl\u00e1udio e Valdemar figuraram entre os mais registrados por d\u00e9cadas, carregando significados ligados \u00e0 tradi\u00e7\u00e3o, formalidade e respeito.<\/p>\n\n\n\n<p>O novo levantamento do IBGE, que avaliou mais de 128 mil nomes pr\u00f3prios, aponta que essas denomina\u00e7\u00f5es praticamente sumiram das certid\u00f5es de nascimento mais recentes. A transforma\u00e7\u00e3o aconteceu de forma gradual, consolidando-se ao longo dos anos, \u00e0 medida que esses nomes passaram a ser associados a pais, tios e av\u00f4s.<\/p>\n\n\n\n<p>Mesmo com essa mudan\u00e7a de perfil, alguns nomes cl\u00e1ssicos continuam entre os mais registrados no pa\u00eds. Jo\u00e3o, Ant\u00f4nio, Francisco, Pedro e Carlos seguem atravessando gera\u00e7\u00f5es e mantendo posi\u00e7\u00e3o de destaque, enquanto op\u00e7\u00f5es como Lucas, Gabriel, Miguel e Davi ganharam popularidade e se fortaleceram nos \u00faltimos anos.<\/p>\n\n\n\n<h2 class=\"wp-block-heading\">Mudan\u00e7a de comportamento e influ\u00eancia das novas gera\u00e7\u00f5es<\/h2>\n\n\n\n<p>Especialistas apontam que a escolha dos nomes acompanha transforma\u00e7\u00f5es culturais e sociais ao longo do tempo. Atualmente, muitos pais buscam op\u00e7\u00f5es que transmitam modernidade, sonoridade internacional ou refer\u00eancias religiosas e midi\u00e1ticas, deixando de lado nomes associados a gera\u00e7\u00f5es mais antigas.<\/p>\n\n\n\n<p>Esse movimento reflete n\u00e3o apenas prefer\u00eancias pessoais, mas tamb\u00e9m o impacto da globaliza\u00e7\u00e3o, das redes sociais e do entretenimento na constru\u00e7\u00e3o de identidades. Al\u00e9m disso, a diminui\u00e7\u00e3o no uso de nomes tradicionais n\u00e3o significa necessariamente o seu desaparecimento definitivo.<\/p>\n\n\n\n<p><\/p>\n","protected":false},"excerpt":{"rendered":"<p>Nomes masculinos que fizeram parte da identidade de gera\u00e7\u00f5es inteiras de brasileiros quase n\u00e3o aparecem mais nos registros de nascimento atuais. Dados do Censo 2022, divulgados pelo Instituto Brasileiro de Geografia e Estat\u00edstica (IBGE), mostram que escolhas antes populares, presentes em fam\u00edlias, escolas e bairros, hoje se tornaram incomuns entre os rec\u00e9m-nascidos. Ao longo de [&hellip;]<\/p>\n","protected":false},"author":4,"featured_media":968,"comment_status":"open","ping_status":"open","sticky":false,"template":"","format":"standard","meta":{"jnews-multi-image_gallery":[],"jnews_single_post":{"format":"standard"},"jnews_primary_category":[],"jnews_social_meta":[],"jnews_post_split":[],"footnotes":""},"categories":[1],"tags":[],"class_list":["post-14270","post","type-post","status-publish","format-standard","has-post-thumbnail","hentry","category-uncategorized"],"_links":{"self":[{"href":"https:\/\/diariodepernambuco.audiencelabs.com.br\/wp-json\/wp\/v2\/posts\/14270","targetHints":{"allow":["GET"]}}],"collection":[{"href":"https:\/\/diariodepernambuco.audiencelabs.com.br\/wp-json\/wp\/v2\/posts"}],"about":[{"href":"https:\/\/diariodepernambuco.audiencelabs.com.br\/wp-json\/wp\/v2\/types\/post"}],"author":[{"embeddable":true,"href":"https:\/\/diariodepernambuco.audiencelabs.com.br\/wp-json\/wp\/v2\/users\/4"}],"replies":[{"embeddable":true,"href":"https:\/\/diariodepernambuco.audiencelabs.com.br\/wp-json\/wp\/v2\/comments?post=14270"}],"version-history":[{"count":3,"href":"https:\/\/diariodepernambuco.audiencelabs.com.br\/wp-json\/wp\/v2\/posts\/14270\/revisions"}],"predecessor-version":[{"id":14274,"href":"https:\/\/diariodepernambuco.audiencelabs.com.br\/wp-json\/wp\/v2\/posts\/14270\/revisions\/14274"}],"wp:featuredmedia":[{"embeddable":true,"href":"https:\/\/diariodepernambuco.audiencelabs.com.br\/wp-json\/wp\/v2\/media\/968"}],"wp:attachment":[{"href":"https:\/\/diariodepernambuco.audiencelabs.com.br\/wp-json\/wp\/v2\/media?parent=14270"}],"wp:term":[{"taxonomy":"category","embeddable":true,"href":"https:\/\/diariodepernambuco.audiencelabs.com.br\/wp-json\/wp\/v2\/categories?post=14270"},{"taxonomy":"post_tag","embeddable":true,"href":"https:\/\/diariodepernambuco.audiencelabs.com.br\/wp-json\/wp\/v2\/tags?post=14270"}],"curies":[{"name":"wp","href":"https:\/\/api.w.org\/{rel}","templated":true}]}}