{"id":14275,"date":"2026-01-21T09:30:00","date_gmt":"2026-01-21T12:30:00","guid":{"rendered":"https:\/\/diariodepernambuco.audiencelabs.com.br\/?p=14275"},"modified":"2026-01-20T12:40:47","modified_gmt":"2026-01-20T15:40:47","slug":"planta-imortal-continua-verde-mesmo-se-voce-der-pouca-atencao-no-dia-a-dia","status":"publish","type":"post","link":"https:\/\/diariodepernambuco.audiencelabs.com.br\/planta-imortal-continua-verde-mesmo-se-voce-der-pouca-atencao-no-dia-a-dia\/","title":{"rendered":"Planta imortal continua verde mesmo se voc\u00ea der pouca aten\u00e7\u00e3o no dia a dia"},"content":{"rendered":"\n<p>Resistente, simb\u00f3lica e extremamente f\u00e1cil de cuidar, a Espada-de-S\u00e3o-Jorge \u00e9 frequentemente chamada de planta \u201cimortal\u201d por manter o verde vivo mesmo quando recebe pouca aten\u00e7\u00e3o no dia a dia. Popular em casas e apartamentos, ela se destaca por suportar longos per\u00edodos sem rega, adaptar-se bem a diferentes n\u00edveis de luz e continuar saud\u00e1vel mesmo em ambientes internos.<\/p>\n\n\n\n<p>Al\u00e9m da resist\u00eancia, a Espada-de-S\u00e3o-Jorge tamb\u00e9m chama aten\u00e7\u00e3o pelo forte valor simb\u00f3lico atribu\u00eddo a ela em diferentes culturas. No Brasil, \u00e9 tradicionalmente associada \u00e0 prote\u00e7\u00e3o espiritual e \u00e0 energia positiva, sendo comum encontr\u00e1-la posicionada na entrada de casas e com\u00e9rcios.<\/p>\n\n\n\n<p>Suas folhas longas, r\u00edgidas e pontiagudas n\u00e3o apenas refor\u00e7am esse simbolismo, como tamb\u00e9m contribuem para um visual marcante e moderno. Outro ponto que torna a planta t\u00e3o popular \u00e9 sua versatilidade.<\/p>\n\n\n\n<p>A Espada-de-S\u00e3o-Jorge se adapta facilmente tanto a ambientes internos quanto externos, tolera sol pleno ou meia-sombra e exige regas espa\u00e7adas, o que a torna ideal para quem tem rotina corrida ou pouca experi\u00eancia com jardinagem. Mesmo com cuidados m\u00ednimos, ela segue crescendo de forma lenta, por\u00e9m constante, mantendo a apar\u00eancia saud\u00e1vel por anos.<\/p>\n\n\n\n<h2 class=\"wp-block-heading\">Pouca manuten\u00e7\u00e3o e muitos benef\u00edcios para o ambiente<\/h2>\n\n\n\n<p>Um dos grandes atrativos da Espada-de-S\u00e3o-Jorge \u00e9 a baixa necessidade de manuten\u00e7\u00e3o. Regas excessivas podem, inclusive, prejudicar a planta, j\u00e1 que ela armazena \u00e1gua nas folhas e prefere solos mais secos. Bastam poucos cuidados b\u00e1sicos, como um vaso com boa drenagem e limpeza ocasional das folhas, para que ela se mantenha bonita e resistente ao longo do tempo.<\/p>\n\n\n\n<p>Al\u00e9m da praticidade, a planta tamb\u00e9m contribui para a qualidade do ambiente. Estudos apontam que a Espada-de-S\u00e3o-Jorge ajuda a filtrar impurezas do ar e liberar oxig\u00eanio durante a noite, o que a torna uma boa op\u00e7\u00e3o para quartos e ambientes fechados. Assim, ela une est\u00e9tica, funcionalidade e facilidade de cultivo, refor\u00e7ando a fama de planta \u201cimortal\u201d entre jardineiros e admiradores.<\/p>\n\n\n\n<p><\/p>\n","protected":false},"excerpt":{"rendered":"<p>Resistente, simb\u00f3lica e extremamente f\u00e1cil de cuidar, a Espada-de-S\u00e3o-Jorge \u00e9 frequentemente chamada de planta \u201cimortal\u201d por manter o verde vivo mesmo quando recebe pouca aten\u00e7\u00e3o no dia a dia. Popular em casas e apartamentos, ela se destaca por suportar longos per\u00edodos sem rega, adaptar-se bem a diferentes n\u00edveis de luz e continuar saud\u00e1vel mesmo em [&hellip;]<\/p>\n","protected":false},"author":4,"featured_media":14278,"comment_status":"open","ping_status":"open","sticky":false,"template":"","format":"standard","meta":{"jnews-multi-image_gallery":[],"jnews_single_post":{"format":"standard"},"jnews_primary_category":[],"jnews_social_meta":[],"jnews_post_split":[],"footnotes":""},"categories":[1],"tags":[],"class_list":["post-14275","post","type-post","status-publish","format-standard","has-post-thumbnail","hentry","category-uncategorized"],"_links":{"self":[{"href":"https:\/\/diariodepernambuco.audiencelabs.com.br\/wp-json\/wp\/v2\/posts\/14275","targetHints":{"allow":["GET"]}}],"collection":[{"href":"https:\/\/diariodepernambuco.audiencelabs.com.br\/wp-json\/wp\/v2\/posts"}],"about":[{"href":"https:\/\/diariodepernambuco.audiencelabs.com.br\/wp-json\/wp\/v2\/types\/post"}],"author":[{"embeddable":true,"href":"https:\/\/diariodepernambuco.audiencelabs.com.br\/wp-json\/wp\/v2\/users\/4"}],"replies":[{"embeddable":true,"href":"https:\/\/diariodepernambuco.audiencelabs.com.br\/wp-json\/wp\/v2\/comments?post=14275"}],"version-history":[{"count":2,"href":"https:\/\/diariodepernambuco.audiencelabs.com.br\/wp-json\/wp\/v2\/posts\/14275\/revisions"}],"predecessor-version":[{"id":14279,"href":"https:\/\/diariodepernambuco.audiencelabs.com.br\/wp-json\/wp\/v2\/posts\/14275\/revisions\/14279"}],"wp:featuredmedia":[{"embeddable":true,"href":"https:\/\/diariodepernambuco.audiencelabs.com.br\/wp-json\/wp\/v2\/media\/14278"}],"wp:attachment":[{"href":"https:\/\/diariodepernambuco.audiencelabs.com.br\/wp-json\/wp\/v2\/media?parent=14275"}],"wp:term":[{"taxonomy":"category","embeddable":true,"href":"https:\/\/diariodepernambuco.audiencelabs.com.br\/wp-json\/wp\/v2\/categories?post=14275"},{"taxonomy":"post_tag","embeddable":true,"href":"https:\/\/diariodepernambuco.audiencelabs.com.br\/wp-json\/wp\/v2\/tags?post=14275"}],"curies":[{"name":"wp","href":"https:\/\/api.w.org\/{rel}","templated":true}]}}