{"id":14280,"date":"2026-01-21T10:30:00","date_gmt":"2026-01-21T13:30:00","guid":{"rendered":"https:\/\/diariodepernambuco.audiencelabs.com.br\/?p=14280"},"modified":"2026-01-20T15:47:39","modified_gmt":"2026-01-20T18:47:39","slug":"brasileiros-que-usam-mei-precisam-ler-essa-noticia-o-quanto-antes","status":"publish","type":"post","link":"https:\/\/diariodepernambuco.audiencelabs.com.br\/brasileiros-que-usam-mei-precisam-ler-essa-noticia-o-quanto-antes\/","title":{"rendered":"Brasileiros que s\u00e3o MEI precisam ler essa not\u00edcia o quanto antes"},"content":{"rendered":"\n<p>Microempresas (ME) e empresas de pequeno porte (EPP) interessadas em aderir ao Simples Nacional em 2026 precisam formalizar a solicita\u00e7\u00e3o at\u00e9 o dia 30 de janeiro, por meio do Portal do Simples Nacional. Para os neg\u00f3cios que j\u00e1 estavam em funcionamento, a ades\u00e3o, se aprovada, ter\u00e1 efeito retroativo a 1\u00ba de janeiro de 2026.<\/p>\n\n\n\n<p>Antes de realizar o pedido, \u00e9 essencial que as empresas regularizem eventuais pend\u00eancias que possam impedir o enquadramento, como d\u00e9bitos com a Receita Federal, estados ou munic\u00edpios. Como a op\u00e7\u00e3o pelo Simples Nacional \u00e9 definitiva para todo o ano-calend\u00e1rio, a decis\u00e3o exige uma avalia\u00e7\u00e3o cuidadosa da situa\u00e7\u00e3o fiscal e cadastral do empreendimento.<\/p>\n\n\n\n<p>O limite de faturamento anual do Simples Nacional segue fixado em R$ 4,8 milh\u00f5es. Contudo, h\u00e1 um ponto de aten\u00e7\u00e3o relevante: ao ultrapassar R$ 3,6 milh\u00f5es de receita bruta acumulada nos \u00faltimos 12 meses, a empresa passa a recolher o ICMS e o ISS fora do Documento de Arrecada\u00e7\u00e3o do Simples Nacional (DAS), al\u00e9m de ter que cumprir todas as obriga\u00e7\u00f5es acess\u00f3rias exigidas nos regimes tribut\u00e1rios convencionais.<\/p>\n\n\n\n<p>As empresas que j\u00e1 fazem parte do Simples Nacional n\u00e3o precisam renovar a op\u00e7\u00e3o anualmente, j\u00e1 que a perman\u00eancia no regime ocorre de forma autom\u00e1tica. Ainda assim, \u00e9 fundamental manter aten\u00e7\u00e3o constante \u00e0s regras, pois o descumprimento de determinadas exig\u00eancias pode resultar na exclus\u00e3o do sistema.<\/p>\n\n\n\n<h2 class=\"wp-block-heading\">Aten\u00e7\u00e3o \u00e0s regras evita exclus\u00e3o e problemas fiscais<\/h2>\n\n\n\n<p>Para microempreendedores individuais (MEI) e pequenos empres\u00e1rios, acompanhar de perto as normas do Simples Nacional \u00e9 essencial para evitar surpresas desagrad\u00e1veis. Pend\u00eancias fiscais, excesso de faturamento ou o exerc\u00edcio de atividades n\u00e3o permitidas pelo regime est\u00e3o entre os principais motivos que podem levar \u00e0 exclus\u00e3o autom\u00e1tica, gerando impactos diretos na carga tribut\u00e1ria e na regularidade do neg\u00f3cio.<\/p>\n\n\n\n<p>Manter a documenta\u00e7\u00e3o em dia, monitorar o faturamento mensal e cumprir corretamente as obriga\u00e7\u00f5es acess\u00f3rias s\u00e3o medidas fundamentais para permanecer no regime. Especialistas recomendam ainda a consulta peri\u00f3dica ao Portal do Simples Nacional e, quando necess\u00e1rio, o apoio de um contador, garantindo que a empresa continue enquadrada de forma segura e dentro da legalidade.<\/p>\n","protected":false},"excerpt":{"rendered":"<p>Microempresas (ME) e empresas de pequeno porte (EPP) interessadas em aderir ao Simples Nacional em 2026 precisam formalizar a solicita\u00e7\u00e3o at\u00e9 o dia 30 de janeiro, por meio do Portal do Simples Nacional. Para os neg\u00f3cios que j\u00e1 estavam em funcionamento, a ades\u00e3o, se aprovada, ter\u00e1 efeito retroativo a 1\u00ba de janeiro de 2026. Antes [&hellip;]<\/p>\n","protected":false},"author":4,"featured_media":1073,"comment_status":"open","ping_status":"open","sticky":false,"template":"","format":"standard","meta":{"jnews-multi-image_gallery":[],"jnews_single_post":{"format":"standard"},"jnews_primary_category":[],"jnews_social_meta":[],"jnews_post_split":[],"footnotes":""},"categories":[1],"tags":[],"class_list":["post-14280","post","type-post","status-publish","format-standard","has-post-thumbnail","hentry","category-uncategorized"],"_links":{"self":[{"href":"https:\/\/diariodepernambuco.audiencelabs.com.br\/wp-json\/wp\/v2\/posts\/14280","targetHints":{"allow":["GET"]}}],"collection":[{"href":"https:\/\/diariodepernambuco.audiencelabs.com.br\/wp-json\/wp\/v2\/posts"}],"about":[{"href":"https:\/\/diariodepernambuco.audiencelabs.com.br\/wp-json\/wp\/v2\/types\/post"}],"author":[{"embeddable":true,"href":"https:\/\/diariodepernambuco.audiencelabs.com.br\/wp-json\/wp\/v2\/users\/4"}],"replies":[{"embeddable":true,"href":"https:\/\/diariodepernambuco.audiencelabs.com.br\/wp-json\/wp\/v2\/comments?post=14280"}],"version-history":[{"count":3,"href":"https:\/\/diariodepernambuco.audiencelabs.com.br\/wp-json\/wp\/v2\/posts\/14280\/revisions"}],"predecessor-version":[{"id":14366,"href":"https:\/\/diariodepernambuco.audiencelabs.com.br\/wp-json\/wp\/v2\/posts\/14280\/revisions\/14366"}],"wp:featuredmedia":[{"embeddable":true,"href":"https:\/\/diariodepernambuco.audiencelabs.com.br\/wp-json\/wp\/v2\/media\/1073"}],"wp:attachment":[{"href":"https:\/\/diariodepernambuco.audiencelabs.com.br\/wp-json\/wp\/v2\/media?parent=14280"}],"wp:term":[{"taxonomy":"category","embeddable":true,"href":"https:\/\/diariodepernambuco.audiencelabs.com.br\/wp-json\/wp\/v2\/categories?post=14280"},{"taxonomy":"post_tag","embeddable":true,"href":"https:\/\/diariodepernambuco.audiencelabs.com.br\/wp-json\/wp\/v2\/tags?post=14280"}],"curies":[{"name":"wp","href":"https:\/\/api.w.org\/{rel}","templated":true}]}}