{"id":14282,"date":"2026-01-20T13:03:16","date_gmt":"2026-01-20T16:03:16","guid":{"rendered":"https:\/\/diariodepernambuco.audiencelabs.com.br\/?p=14282"},"modified":"2026-01-21T10:11:16","modified_gmt":"2026-01-21T13:11:16","slug":"globo-surpreende-encerra-contrato-e-anuncia-saida-sem-direito-a-receber-nada","status":"publish","type":"post","link":"https:\/\/diariodepernambuco.audiencelabs.com.br\/globo-surpreende-encerra-contrato-e-anuncia-saida-sem-direito-a-receber-nada\/","title":{"rendered":"Globo surpreende, encerra contrato e anuncia sa\u00edda sem direito a receber nada"},"content":{"rendered":"\n<p>Mesmo ap\u00f3s deixar o programa, ainda que por desist\u00eancia, muitos ex-participantes do programa <em><strong>Big Brother Brasil (BBB)<\/strong><\/em> ainda continua sob contrato por um per\u00edodo acordado com a Rede Globo, que engloba participa\u00e7\u00f5es em atra\u00e7\u00f5es, entrevistas e campanhas publicit\u00e1rias.<\/p>\n\n\n\n<p>Entretanto, quando a sa\u00edda \u00e9 motivada por viola\u00e7\u00e3o das regras de conviv\u00eancia, o acordo \u00e9 rescindido, retirando todos os direitos do participante. E \u00e9 justamente nesta situa\u00e7\u00e3o que se encontra <strong>Pedro Henrique<\/strong>, que deixou a casa mais vigiada no Brasil no \u00faltimo domingo (18).<\/p>\n\n\n\n<p>Na ocasi\u00e3o, o ex-participante, que foi escolhido pelo p\u00fablico ap\u00f3s participar da din\u00e2mica da Casa de Vidro no Sul do pa\u00eds, apertou o bot\u00e3o de desist\u00eancia. Por\u00e9m, a decis\u00e3o s\u00f3 surgiu depois que ele foi<strong> acusado de ass\u00e9dio pela participante Jordana Morais<\/strong>, que alegou que Pedro teria seguido-a at\u00e9 a despensa e tentado beij\u00e1-la \u00e0 for\u00e7a.<\/p>\n\n\n\n<p>Por conta disso, a Globo optou por tratar o ex-brother como expulso, encerrando o contrato de forma imediata e aplicando as cl\u00e1usulas previstas para este tipo de situa\u00e7\u00e3o. Sendo assim, Pedro n\u00e3o deve receber nenhum tipo de pagamento e nem mesmo aparecer em programas relacionados \u00e0 emissora.<\/p>\n\n\n\n<h2 class=\"wp-block-heading\">Sem contrato, ex-BBB pode ser internado<\/h2>\n\n\n<style>@media (min-width: 992px) {\n    .recomendadorV2Area1 {\n        width: 280px;\n    }\n    .recomendadorV2Area2 {\n        padding: 0px 20px;\n        width: calc(100% - 280px);\n    }\n}\n\n@media (max-width: 992px) {\n    .recomendadorV2Button {\n        margin: 0 auto;\n    }\n    .recomendadorV2Area {\n        flex-direction: column;\n        text-align: center;\n    }\n    .recomendadorV2Area2 {\n        padding: 0px 20px;\n    }\n}\n\n.recomendadorV2Area {\n    background: #eeeeee3d;\n    border-radius: 10px;\n    padding: 15px;\n    display: flex;\n    margin: 15px auto;\n    border: 1px solid #00000014;\n    max-width: 800px;\n}\n\n.recomendadorV2Area1 img {\n    width: 280px;\n    height: auto;\n    border-radius: 8px;\n}\n\n.linkrecomendadorv2 {\n    text-decoration: none !important;\n}\n\n.recomendadorV2Area2 .recomendadorV2Type {\n    text-transform: uppercase;\n    font-weight: 500;\n    font-size: 11px;\n    letter-spacing: 2px;\n    color: #666;\n    margin: 12px 0;\n    display: block;\n}\n\n.recomendadorV2Title h2 {\n    padding-top: 0px !important;\n    margin: 0px !important;\n    border-left: none !important;\n    padding-left: 0px !important;\n    line-height: 1.3;\n    color: #000 !important;\n    font-size: 24px;\n    margin-bottom: 12px !important;\n}\n\n.recomendadorV2Desc {\n    color: #333;\n    margin: 12px 0px !important;\n    font-size: 15px;\n    line-height: 1.5;\n}\n\n.recomendadorV2Button {\n    width: auto;\n    max-width: 200px;\n    margin: 0;\n    display: inline-flex;\n    align-items: center;\n    background: #1D3557;\n    border-radius: 8px;\n    color: #fff;\n    height: 36px;\n    justify-content: center;\n    text-align: center;\n    font-size: 14px;\n    padding: 0 20px;\n    transition: background-color 0.2s ease;\n}\n\n.recomendadorV2Button:hover {\n    background: #2a4d7a;\n}\n\n.recomendadorV2Button:after {\n    margin-top: -2px;\n    content: \"\u2192\";\n    padding: 0px 0px 0px 8px;\n}\n\n.recomendadorV2Alert {\n    text-align: left;\n    font-size: 11px;\n    margin-top: 8px;\n    color: #666;\n}\n\n.recomendadorFixedArea {\n    width: 100%;\n    display: flex;\n    justify-content: center;\n    align-items: center;\n}\n\n@media (min-width: 992px) {\n    #recomendadorFixed {\n        width: 32% !important;\n        left: 5%;\n    }\n    .recomendadorCloseFixed{\n        right: inherit !important;\n        left: 378px !important;\n    }\n}\n\n#recomendadorFixed {\n    width: 90%;\n    box-shadow: 0 10px 20px 0px #00000057;\n    display: none;\n    height: 90px;\n    background: #F6F6F6;\n    position: fixed;\n    flex-direction: row;\n    bottom: 10px;\n    z-index: 9999;\n    border-radius: 16px;\n    padding: 7px 10px;\n}\n\n.recomendadorLeftArea {\n    width: 160px;\n}\n\n.recomendadorRightArea h2 {\n    padding-top: 0px;\n    margin: 2px 0px 4px 0px !important;\n    font-weight: 400;\n    text-align: center;\n    padding-left: 0px !important;\n    color: #000 !important;\n    border-left: none !important;\n    line-height: 20px;\n    font-size: 12px !important;\n}\n\n.recomendadorImgFixed {\n    overflow: hidden;\n    padding: 8px 6px;\n    height: 100%;\n}\n\n.recomendadorImgFixed img {\n    height: 100% !important;\n    border-radius: 16px;\n}\n\n.recomendadorRightArea {\n    padding-top: 6px;\n    display: flex;\n    width: calc(100% - 130px);\n    justify-content: space-between;\n    align-items: center;\n    flex-direction: column;\n}\n\n.recomendadorButtonFixed {\n    margin: 0 auto;\n    background: #1D3557;\n    width: 80%;\n    text-align: center;\n    font-size: 10px;\n    color: #FFF;\n    padding: 2px 10px;\n    border-radius: 3px;\n}\n\n.recomendadorButtonFixed:after {\n    margin-top: -3px;\n    content: \"\u2192\";\n    padding: 0px 0px 0px 10px;\n}\n\n.recomendadorAlertFixed {\n    font-weight: 400;\n    text-align: center;\n    color: #484848;\n    font-size: 8px;\n}\n\n.recomendadorCloseFixed {\n    z-index: 99999;\n    display: none;\n    right: 0px;\n    left: inherit;\n    bottom: 99px;\n    position: fixed;\n    justify-content: center;\n    background: #F6F6F6;\n    width: 25px;\n    align-items: center;\n    height: 25px;\n    font-weight: 800;\n    border-radius: 50%;\n    border: 1px solid #EBEBEB;\n}\n\n.recomendadorV2Desc{\n    color: #000000;\n    margin: 20px 0px;\n}\n\n@media (max-width: 576px) {\n    .recomendadorV2Area {\n      padding: 10px;\n      max-width: 100%;\n    }\n  \n    .recomendadorV2Area1 img {\n      width: 100%;\n      border-radius: 6px;\n    }\n  \n    .recomendadorV2Area2 .recomendadorV2Type {\n      font-size: 9px;\n      letter-spacing: 1px;\n      margin: 8px 0;\n    }\n  \n    .recomendadorV2Title h2 {\n      font-size: 18px !important;\n      margin-bottom: 8px !important;\n      line-height: 1.2;\n    }\n  \n    .recomendadorV2Desc {\n      font-size: 14px;\n      margin: 8px 0 !important;\n      line-height: 1.4;\n    }\n  \n    .recomendadorV2Button {\n      font-size: 12px;\n      height: 30px;\n      padding: 0 12px;\n      max-width: 160px;\n    }\n  \n    .recomendadorV2Button:after {\n      padding-left: 6px;\n    }\n  }\n  <\/style>\n        <div class=\"lazyblock-recomendador-v2-2jDGz wp-block-lazyblock-recomendador-v2\">\n        <a class=\"linkrecomendadorv2\" href=\"https:\/\/diariodepernambuco.com.br\/dpmais\/xuxa-meneghel-abandonou-mansao-de-rico-e-foi-viver-em-lugar-inusitado\/?utm_source=lazy\" target=\"_blank\" rel=\"noopener\">\n            <div class=\"recomendadorV2Area\">\n            <div class=\"recomendadorV2Area1\">\n                <div class=\"recomendadorV2Img\">\n                <img class=\"lazyloaded\" decoding=\"async\" src=\"https:\/\/diariodepernambuco.com.br\/dpmais\/wp-content\/uploads\/2026\/01\/Xuxa-e1768830189301-1140x570.jpg\" data-src=\"https:\/\/diariodepernambuco.com.br\/dpmais\/wp-content\/uploads\/2026\/01\/Xuxa-e1768830189301-1140x570.jpg\" alt=\"\">\n                <\/div>\n            <\/div>\n            <div class=\"recomendadorV2Area2\">\n                <div class=\"recomendadorV2Type\">\n                    <span>Vida nova<\/span>\n                <\/div>\n                <div class=\"recomendadorV2Title\">\n                <h2><span>Xuxa troca mans\u00e3o por lugar inusitado \ud83c\udf1f<\/span><\/h2>\n                <\/div>\n                <div class=\"recomendadorV2Desc\">\n                <span>Veja onde a apresentadora decidiu morar<\/span>\n                <\/div>\n                <div class=\"recomendadorV2Button\">Descobrir agora<\/div>\n                <div class=\"recomendadorV2Alert\"><\/div>\n            <\/div>\n            <\/div>\n        <\/a>\n        <div>\n            <div style=\"z-index:99999;\" id=\"buttonClose\" onclick=\"closeRecomendadorFixed()\">\n            <div class=\"recomendadorCloseFixed\">X<\/div>\n            <\/div>\n            <a href=\"https:\/\/diariodepernambuco.com.br\/dpmais\/xuxa-meneghel-abandonou-mansao-de-rico-e-foi-viver-em-lugar-inusitado\/?utm_source=lazy\" target=\"_blank\" rel=\"noopener\">\n            <div class=\"recomendadorFixedArea\">\n                <div id=\"recomendadorFixed\">\n                <div class=\"recomendadorLeftArea\">\n                    <div class=\"recomendadorImgFixed\">\n                    <img class=\"lazyload\" decoding=\"async\" src=\"https:\/\/diariodepernambuco.com.br\/dpmais\/wp-content\/uploads\/2026\/01\/Xuxa-e1768830189301-1140x570.jpg\" alt=\"\">\n                    <\/div>\n                <\/div>\n                <div class=\"recomendadorRightArea\">\n                    <div class=\"recomendadorTitleFixed\">\n                    <h2><span>Xuxa troca mans\u00e3o por lugar inusitado \ud83c\udf1f<\/span><\/h2>\n                    <\/div>\n                    <div class=\"recomendadorButtonFixed\">Descobrir agora<\/div>\n                    <div class=\"recomendadorAlertFixed\"><\/div>\n                <\/div>\n                <\/div>\n            <\/div>\n            <\/a>\n        <\/div>\n        <\/div>\n\n\n\n<p>Em entrevista ao portal L\u00e9o Dias, familiares de Pedro relataram que o ex-BBB, que desembarcou em Curitiba nesta segunda-feira (19), deixou o reality da Globo em estado de &#8220;forte abalo emocional&#8221;, apresentando poss\u00edveis sinais de desorienta\u00e7\u00e3o.<\/p>\n\n\n\n<p>Por conta disso, ele deve ser internado em uma cl\u00ednica psiqui\u00e1trica ainda nesta semana para dar in\u00edcio a um tratamento. Fontes pr\u00f3ximas ao ex-participante afirmaram que, no momento, eles est\u00e3o em busca de um local realmente seguro.<\/p>\n\n\n\n<p>Por n\u00e3o possuir mais contrato com a Globo, Pedro ficar\u00e1 livre para concluir os poss\u00edveis tratamentos que ser\u00e1 submetido. Todavia, quest\u00f5es como seu casamento, que pode ter chegado ao fim, e sua carreira tomaram rumos incertos.<\/p>\n","protected":false},"excerpt":{"rendered":"<p>Mesmo ap\u00f3s deixar o programa, ainda que por desist\u00eancia, muitos ex-participantes do programa Big Brother Brasil (BBB) ainda continua sob contrato por um per\u00edodo acordado com a Rede Globo, que engloba participa\u00e7\u00f5es em atra\u00e7\u00f5es, entrevistas e campanhas publicit\u00e1rias. Entretanto, quando a sa\u00edda \u00e9 motivada por viola\u00e7\u00e3o das regras de conviv\u00eancia, o acordo \u00e9 rescindido, retirando [&hellip;]<\/p>\n","protected":false},"author":15,"featured_media":14283,"comment_status":"open","ping_status":"open","sticky":false,"template":"","format":"standard","meta":{"jnews-multi-image_gallery":[],"jnews_single_post":{"format":"standard"},"jnews_primary_category":[],"jnews_social_meta":[],"jnews_post_split":[],"footnotes":""},"categories":[1],"tags":[],"class_list":["post-14282","post","type-post","status-publish","format-standard","has-post-thumbnail","hentry","category-uncategorized"],"_links":{"self":[{"href":"https:\/\/diariodepernambuco.audiencelabs.com.br\/wp-json\/wp\/v2\/posts\/14282","targetHints":{"allow":["GET"]}}],"collection":[{"href":"https:\/\/diariodepernambuco.audiencelabs.com.br\/wp-json\/wp\/v2\/posts"}],"about":[{"href":"https:\/\/diariodepernambuco.audiencelabs.com.br\/wp-json\/wp\/v2\/types\/post"}],"author":[{"embeddable":true,"href":"https:\/\/diariodepernambuco.audiencelabs.com.br\/wp-json\/wp\/v2\/users\/15"}],"replies":[{"embeddable":true,"href":"https:\/\/diariodepernambuco.audiencelabs.com.br\/wp-json\/wp\/v2\/comments?post=14282"}],"version-history":[{"count":2,"href":"https:\/\/diariodepernambuco.audiencelabs.com.br\/wp-json\/wp\/v2\/posts\/14282\/revisions"}],"predecessor-version":[{"id":14464,"href":"https:\/\/diariodepernambuco.audiencelabs.com.br\/wp-json\/wp\/v2\/posts\/14282\/revisions\/14464"}],"wp:featuredmedia":[{"embeddable":true,"href":"https:\/\/diariodepernambuco.audiencelabs.com.br\/wp-json\/wp\/v2\/media\/14283"}],"wp:attachment":[{"href":"https:\/\/diariodepernambuco.audiencelabs.com.br\/wp-json\/wp\/v2\/media?parent=14282"}],"wp:term":[{"taxonomy":"category","embeddable":true,"href":"https:\/\/diariodepernambuco.audiencelabs.com.br\/wp-json\/wp\/v2\/categories?post=14282"},{"taxonomy":"post_tag","embeddable":true,"href":"https:\/\/diariodepernambuco.audiencelabs.com.br\/wp-json\/wp\/v2\/tags?post=14282"}],"curies":[{"name":"wp","href":"https:\/\/api.w.org\/{rel}","templated":true}]}}