{"id":14289,"date":"2026-01-21T15:00:00","date_gmt":"2026-01-21T18:00:00","guid":{"rendered":"https:\/\/diariodepernambuco.audiencelabs.com.br\/?p=14289"},"modified":"2026-01-20T13:06:36","modified_gmt":"2026-01-20T16:06:36","slug":"brasil-recebe-noticia-ruim-sobre-posicao-no-ranking-de-economia","status":"publish","type":"post","link":"https:\/\/diariodepernambuco.audiencelabs.com.br\/brasil-recebe-noticia-ruim-sobre-posicao-no-ranking-de-economia\/","title":{"rendered":"Brasil recebe not\u00edcia ruim sobre posi\u00e7\u00e3o no ranking de economia"},"content":{"rendered":"\n<p>O Brasil passou da 10\u00aa para a 11\u00aa coloca\u00e7\u00e3o entre as maiores economias do planeta, de acordo com levantamento da Austin Rating, ag\u00eancia brasileira especializada em classifica\u00e7\u00e3o de risco de cr\u00e9dito. A mudan\u00e7a foi influenciada principalmente pela forte valoriza\u00e7\u00e3o do rublo, que impulsionou a R\u00fassia no ranking global.<\/p>\n\n\n\n<p>Tal valoriza\u00e7\u00e3o tamb\u00e9m levou o pa\u00eds a recuar do 2\u00ba para o 32\u00ba lugar na lista mundial de crescimento do Produto Interno Bruto (PIB). Mesmo com a queda nas posi\u00e7\u00f5es, indicadores internos apontam melhora nas expectativas do mercado e valoriza\u00e7\u00e3o do real. Ao mesmo tempo, a desacelera\u00e7\u00e3o do ritmo de crescimento econ\u00f4mico ao longo de 2025 contribuiu para o novo quadro observado no ranking internacional.<\/p>\n\n\n\n<p>O professor Alex Ferreira, da FEA-RP da USP, avalia que, no cen\u00e1rio atual, os fatores fiscais internos pesam mais do que o ambiente externo. Segundo ele, a d\u00edvida bruta do governo est\u00e1 pr\u00f3xima de 80% do PIB, um patamar elevado para uma economia que j\u00e1 opera com juros estruturais altos.<\/p>\n\n\n\n<p>&#8220;O regime fiscal atual, baseado em super\u00e1vits prim\u00e1rios, \u00e9 insuficiente para estabilizar a d\u00edvida em uma trajet\u00f3ria confort\u00e1vel. O resultado nominal segue deficit\u00e1rio, em torno de 8% do PIB, o que reduz de forma significativa o espa\u00e7o para gastos discricion\u00e1rios e para o investimento p\u00fablico, especialmente em \u00e1reas capazes de elevar a produtividade da economia&#8221;, disse.<\/p>\n\n\n\n<p>De acordo com o professor, a posi\u00e7\u00e3o do Brasil em rankings internacionais \u00e9 fortemente afetada pelas oscila\u00e7\u00f5es cambiais. Ele explica que a convers\u00e3o dos PIBs para uma moeda comum, usando a taxa de c\u00e2mbio de mercado, pode mudar a coloca\u00e7\u00e3o dos pa\u00edses mesmo sem altera\u00e7\u00f5es reais no tamanho de suas economias.<\/p>\n\n\n\n<p><\/p>\n","protected":false},"excerpt":{"rendered":"<p>O Brasil passou da 10\u00aa para a 11\u00aa coloca\u00e7\u00e3o entre as maiores economias do planeta, de acordo com levantamento da Austin Rating, ag\u00eancia brasileira especializada em classifica\u00e7\u00e3o de risco de cr\u00e9dito. A mudan\u00e7a foi influenciada principalmente pela forte valoriza\u00e7\u00e3o do rublo, que impulsionou a R\u00fassia no ranking global. Tal valoriza\u00e7\u00e3o tamb\u00e9m levou o pa\u00eds a [&hellip;]<\/p>\n","protected":false},"author":4,"featured_media":14291,"comment_status":"open","ping_status":"open","sticky":false,"template":"","format":"standard","meta":{"jnews-multi-image_gallery":[],"jnews_single_post":{"format":"standard"},"jnews_primary_category":[],"jnews_social_meta":[],"jnews_post_split":[],"footnotes":""},"categories":[1],"tags":[],"class_list":["post-14289","post","type-post","status-publish","format-standard","has-post-thumbnail","hentry","category-uncategorized"],"_links":{"self":[{"href":"https:\/\/diariodepernambuco.audiencelabs.com.br\/wp-json\/wp\/v2\/posts\/14289","targetHints":{"allow":["GET"]}}],"collection":[{"href":"https:\/\/diariodepernambuco.audiencelabs.com.br\/wp-json\/wp\/v2\/posts"}],"about":[{"href":"https:\/\/diariodepernambuco.audiencelabs.com.br\/wp-json\/wp\/v2\/types\/post"}],"author":[{"embeddable":true,"href":"https:\/\/diariodepernambuco.audiencelabs.com.br\/wp-json\/wp\/v2\/users\/4"}],"replies":[{"embeddable":true,"href":"https:\/\/diariodepernambuco.audiencelabs.com.br\/wp-json\/wp\/v2\/comments?post=14289"}],"version-history":[{"count":3,"href":"https:\/\/diariodepernambuco.audiencelabs.com.br\/wp-json\/wp\/v2\/posts\/14289\/revisions"}],"predecessor-version":[{"id":14295,"href":"https:\/\/diariodepernambuco.audiencelabs.com.br\/wp-json\/wp\/v2\/posts\/14289\/revisions\/14295"}],"wp:featuredmedia":[{"embeddable":true,"href":"https:\/\/diariodepernambuco.audiencelabs.com.br\/wp-json\/wp\/v2\/media\/14291"}],"wp:attachment":[{"href":"https:\/\/diariodepernambuco.audiencelabs.com.br\/wp-json\/wp\/v2\/media?parent=14289"}],"wp:term":[{"taxonomy":"category","embeddable":true,"href":"https:\/\/diariodepernambuco.audiencelabs.com.br\/wp-json\/wp\/v2\/categories?post=14289"},{"taxonomy":"post_tag","embeddable":true,"href":"https:\/\/diariodepernambuco.audiencelabs.com.br\/wp-json\/wp\/v2\/tags?post=14289"}],"curies":[{"name":"wp","href":"https:\/\/api.w.org\/{rel}","templated":true}]}}