{"id":14296,"date":"2026-01-21T16:30:00","date_gmt":"2026-01-21T19:30:00","guid":{"rendered":"https:\/\/diariodepernambuco.audiencelabs.com.br\/?p=14296"},"modified":"2026-01-21T12:41:21","modified_gmt":"2026-01-21T15:41:21","slug":"rua-mais-bonita-do-mundo-fica-no-brasil-e-poucos-tem-o-conhecimento-dessa-informacao","status":"publish","type":"post","link":"https:\/\/diariodepernambuco.audiencelabs.com.br\/rua-mais-bonita-do-mundo-fica-no-brasil-e-poucos-tem-o-conhecimento-dessa-informacao\/","title":{"rendered":"Brasil abriga a rua mais elegante do mundo em cidade com 1,3 milh\u00e3o de habitantes"},"content":{"rendered":"\n<p>Situada no bairro Independ\u00eancia, em Porto Alegre (RS), a Rua Gon\u00e7alo de Carvalho ganhou destaque internacional ao ser frequentemente apontada como a rua mais bonita do mundo. O reconhecimento informal vem de sua paisagem \u00fanica: um extenso t\u00fanel verde formado por \u00e1rvores de grande porte, cujas copas se encontram no alto e cobrem quase toda a extens\u00e3o da via.<\/p>\n\n\n\n<p>Mais do que um ponto tur\u00edstico, a rua tornou-se um s\u00edmbolo de preserva\u00e7\u00e3o ambiental e mobiliza\u00e7\u00e3o popular. Ao longo dos anos, moradores se organizaram para defender as \u00e1rvores centen\u00e1rias diante de projetos urbanos que colocavam a vegeta\u00e7\u00e3o em risco.<\/p>\n\n\n\n<p>O grande atrativo da Rua Gon\u00e7alo de Carvalho est\u00e1 na sequ\u00eancia cont\u00ednua de \u00e1rvores que se estende por quase toda a via. As tipuanas, em especial, criam um denso t\u00fanel verde que bloqueia a luz direta do sol e proporciona uma sensa\u00e7\u00e3o de frescor mesmo nos dias mais quentes, impressionando tanto motoristas quanto pedestres que circulam pelo local.<\/p>\n\n\n\n<p>Esse conjunto de \u00e1rvores vai al\u00e9m do valor est\u00e9tico e exerce papel importante na qualidade ambiental da regi\u00e3o. A sombra permanente, a diminui\u00e7\u00e3o da temperatura e a melhor circula\u00e7\u00e3o do ar transformam a rua em um exemplo raro de como o paisagismo pode impactar positivamente o ambiente urbano, garantindo mais conforto t\u00e9rmico e bem-estar a moradores e visitantes.<\/p>\n\n\n\n<h2 class=\"wp-block-heading\">Reconhecimento internacional e exemplo para as cidades<\/h2>\n\n\n\n<p>A fama da Rua Gon\u00e7alo de Carvalho ultrapassou as fronteiras do Brasil e passou a ser mencionada em publica\u00e7\u00f5es estrangeiras, sites de turismo e rankings informais que destacam ruas mais bonitas do mundo. Esse reconhecimento ajudou a projetar Porto Alegre internacionalmente e a despertar o interesse de visitantes que buscam experi\u00eancias urbanas ligadas \u00e0 natureza e \u00e0 sustentabilidade.<\/p>\n\n\n\n<p>Al\u00e9m do apelo tur\u00edstico, a rua se consolidou como refer\u00eancia em planejamento urbano e preserva\u00e7\u00e3o ambiental. Especialistas apontam o local como um exemplo de como a conviv\u00eancia entre cidade e natureza \u00e9 poss\u00edvel quando h\u00e1 engajamento da comunidade e pol\u00edticas p\u00fablicas voltadas \u00e0 prote\u00e7\u00e3o do patrim\u00f4nio verde, refor\u00e7ando a import\u00e2ncia de iniciativas semelhantes em outros centros urbanos.<\/p>\n\n\n\n<p><\/p>\n","protected":false},"excerpt":{"rendered":"<p>Situada no bairro Independ\u00eancia, em Porto Alegre (RS), a Rua Gon\u00e7alo de Carvalho ganhou destaque internacional ao ser frequentemente apontada como a rua mais bonita do mundo. O reconhecimento informal vem de sua paisagem \u00fanica: um extenso t\u00fanel verde formado por \u00e1rvores de grande porte, cujas copas se encontram no alto e cobrem quase toda [&hellip;]<\/p>\n","protected":false},"author":4,"featured_media":14298,"comment_status":"open","ping_status":"open","sticky":false,"template":"","format":"standard","meta":{"jnews-multi-image_gallery":[],"jnews_single_post":{"format":"standard"},"jnews_primary_category":[],"jnews_social_meta":[],"jnews_post_split":[],"footnotes":""},"categories":[1],"tags":[],"class_list":["post-14296","post","type-post","status-publish","format-standard","has-post-thumbnail","hentry","category-uncategorized"],"_links":{"self":[{"href":"https:\/\/diariodepernambuco.audiencelabs.com.br\/wp-json\/wp\/v2\/posts\/14296","targetHints":{"allow":["GET"]}}],"collection":[{"href":"https:\/\/diariodepernambuco.audiencelabs.com.br\/wp-json\/wp\/v2\/posts"}],"about":[{"href":"https:\/\/diariodepernambuco.audiencelabs.com.br\/wp-json\/wp\/v2\/types\/post"}],"author":[{"embeddable":true,"href":"https:\/\/diariodepernambuco.audiencelabs.com.br\/wp-json\/wp\/v2\/users\/4"}],"replies":[{"embeddable":true,"href":"https:\/\/diariodepernambuco.audiencelabs.com.br\/wp-json\/wp\/v2\/comments?post=14296"}],"version-history":[{"count":6,"href":"https:\/\/diariodepernambuco.audiencelabs.com.br\/wp-json\/wp\/v2\/posts\/14296\/revisions"}],"predecessor-version":[{"id":14531,"href":"https:\/\/diariodepernambuco.audiencelabs.com.br\/wp-json\/wp\/v2\/posts\/14296\/revisions\/14531"}],"wp:featuredmedia":[{"embeddable":true,"href":"https:\/\/diariodepernambuco.audiencelabs.com.br\/wp-json\/wp\/v2\/media\/14298"}],"wp:attachment":[{"href":"https:\/\/diariodepernambuco.audiencelabs.com.br\/wp-json\/wp\/v2\/media?parent=14296"}],"wp:term":[{"taxonomy":"category","embeddable":true,"href":"https:\/\/diariodepernambuco.audiencelabs.com.br\/wp-json\/wp\/v2\/categories?post=14296"},{"taxonomy":"post_tag","embeddable":true,"href":"https:\/\/diariodepernambuco.audiencelabs.com.br\/wp-json\/wp\/v2\/tags?post=14296"}],"curies":[{"name":"wp","href":"https:\/\/api.w.org\/{rel}","templated":true}]}}