{"id":14314,"date":"2026-01-21T22:50:00","date_gmt":"2026-01-22T01:50:00","guid":{"rendered":"https:\/\/diariodepernambuco.audiencelabs.com.br\/?p=14314"},"modified":"2026-01-20T14:22:25","modified_gmt":"2026-01-20T17:22:25","slug":"3-signos-que-vao-melhorar-de-vida-apos-passarem-por-dificuldades","status":"publish","type":"post","link":"https:\/\/diariodepernambuco.audiencelabs.com.br\/3-signos-que-vao-melhorar-de-vida-apos-passarem-por-dificuldades\/","title":{"rendered":"3 signos que v\u00e3o melhorar de vida ap\u00f3s passarem por dificuldades"},"content":{"rendered":"\n<p>Algumas pessoas costumam recorrer \u00e0s previs\u00f5es do zod\u00edaco em busca de conforto diante das adversidades do dia a dia. Todavia, os astros <strong>nem sempre trazem not\u00edcias positivas<\/strong>, j\u00e1 que as energias podem n\u00e3o favorecer igualmente todos os signos.<\/p>\n\n\n\n<p>S\u00f3 que<strong> fases ruins n\u00e3o costumam durar para sempre<\/strong>, considerando que os astros est\u00e3o em constante atividade. Sendo assim, signos que enfrentaram dificuldades anteriormente podem dar a volta por cima em algum momento.<\/p>\n\n\n\n<p>E vale destacar que, desde ter\u00e7a-feira (20), esta altera\u00e7\u00e3o nos rumos vem sendo sentida pelos nativos de <strong>C\u00e2ncer, Virgem e Escorpi\u00e3o<\/strong>, que foram obrigados a lidar com muitos problemas recentemente, mas agora finalmente poder\u00e3o desfrutar de energias positivas.<\/p>\n\n\n\n<p>Conforme divulgado pelo portal <em>Correio 24 Horas<\/em>, os signos n\u00e3o s\u00f3 ter\u00e3o a chance de colher benef\u00edcios por conta da mudan\u00e7a de energia, como ainda poder\u00e3o aprender com sua resili\u00eancia, o que pode ser essencial para encarar o restante do ano.<\/p>\n\n\n\n<h2 class=\"wp-block-heading\">Previs\u00f5es para C\u00e2ncer<\/h2>\n\n\n\n<p>Os nativos de C\u00e2ncer enfrentaram um per\u00edodo nocivo, no qual sua energia foi drenada pela necessidade de se colocar em segundo plano para evitar conflito. Contudo, previs\u00f5es recentes apontam que a prioriza\u00e7\u00e3o e o autocuidado trar\u00e3o mais conforto e seguran\u00e7a emocional para o signo.<\/p>\n\n\n\n<h2 class=\"wp-block-heading\">Previs\u00f5es para Virgem<\/h2>\n\n\n\n<p>Embora assumir responsabilidades sozinho pare\u00e7a um s\u00edmbolo de for\u00e7a, a atitude comprometeu o bem-estar dos nativos de Virgem, que agora ter\u00e3o a chance de descansar e se colocar como prioridade por aceitar melhor a ideia de que n\u00e3o podem controlar tudo.<\/p>\n\n\n\n<h2 class=\"wp-block-heading\">Previs\u00f5es para Escorpi\u00e3o<\/h2>\n\n\n\n<p>A culpa por escolhas do passado recente assombrou os nativos de Escorpi\u00e3o. Por\u00e9m, por conta da revela\u00e7\u00e3o de verdades internas, o signo voltar\u00e1 a desfrutar de sentimentos como seguran\u00e7a e coragem para nortear suas decis\u00f5es e, consequentemente, garantir seu bem-estar.<\/p>\n","protected":false},"excerpt":{"rendered":"<p>Algumas pessoas costumam recorrer \u00e0s previs\u00f5es do zod\u00edaco em busca de conforto diante das adversidades do dia a dia. Todavia, os astros nem sempre trazem not\u00edcias positivas, j\u00e1 que as energias podem n\u00e3o favorecer igualmente todos os signos. S\u00f3 que fases ruins n\u00e3o costumam durar para sempre, considerando que os astros est\u00e3o em constante atividade. [&hellip;]<\/p>\n","protected":false},"author":15,"featured_media":14315,"comment_status":"open","ping_status":"open","sticky":false,"template":"","format":"standard","meta":{"jnews-multi-image_gallery":[],"jnews_single_post":{"format":"standard"},"jnews_primary_category":[],"jnews_social_meta":[],"jnews_post_split":[],"footnotes":""},"categories":[1],"tags":[],"class_list":["post-14314","post","type-post","status-publish","format-standard","has-post-thumbnail","hentry","category-uncategorized"],"_links":{"self":[{"href":"https:\/\/diariodepernambuco.audiencelabs.com.br\/wp-json\/wp\/v2\/posts\/14314","targetHints":{"allow":["GET"]}}],"collection":[{"href":"https:\/\/diariodepernambuco.audiencelabs.com.br\/wp-json\/wp\/v2\/posts"}],"about":[{"href":"https:\/\/diariodepernambuco.audiencelabs.com.br\/wp-json\/wp\/v2\/types\/post"}],"author":[{"embeddable":true,"href":"https:\/\/diariodepernambuco.audiencelabs.com.br\/wp-json\/wp\/v2\/users\/15"}],"replies":[{"embeddable":true,"href":"https:\/\/diariodepernambuco.audiencelabs.com.br\/wp-json\/wp\/v2\/comments?post=14314"}],"version-history":[{"count":1,"href":"https:\/\/diariodepernambuco.audiencelabs.com.br\/wp-json\/wp\/v2\/posts\/14314\/revisions"}],"predecessor-version":[{"id":14335,"href":"https:\/\/diariodepernambuco.audiencelabs.com.br\/wp-json\/wp\/v2\/posts\/14314\/revisions\/14335"}],"wp:featuredmedia":[{"embeddable":true,"href":"https:\/\/diariodepernambuco.audiencelabs.com.br\/wp-json\/wp\/v2\/media\/14315"}],"wp:attachment":[{"href":"https:\/\/diariodepernambuco.audiencelabs.com.br\/wp-json\/wp\/v2\/media?parent=14314"}],"wp:term":[{"taxonomy":"category","embeddable":true,"href":"https:\/\/diariodepernambuco.audiencelabs.com.br\/wp-json\/wp\/v2\/categories?post=14314"},{"taxonomy":"post_tag","embeddable":true,"href":"https:\/\/diariodepernambuco.audiencelabs.com.br\/wp-json\/wp\/v2\/tags?post=14314"}],"curies":[{"name":"wp","href":"https:\/\/api.w.org\/{rel}","templated":true}]}}