{"id":14331,"date":"2026-01-24T09:40:00","date_gmt":"2026-01-24T12:40:00","guid":{"rendered":"https:\/\/diariodepernambuco.audiencelabs.com.br\/?p=14331"},"modified":"2026-01-20T14:27:03","modified_gmt":"2026-01-20T17:27:03","slug":"gigante-do-futebol-brasileiro-anuncia-pacotao-de-demissoes-para-2026","status":"publish","type":"post","link":"https:\/\/diariodepernambuco.audiencelabs.com.br\/gigante-do-futebol-brasileiro-anuncia-pacotao-de-demissoes-para-2026\/","title":{"rendered":"Gigante do futebol brasileiro anuncia pacot\u00e3o de demiss\u00f5es para 2026"},"content":{"rendered":"\n<p>O Gr\u00eamio anunciou um verdadeiro pacot\u00e3o de rescis\u00f5es contratuais durante esta semana. Al\u00e9m do goleiro Tiago Volpi, que possui conversas para refor\u00e7ar o RB Bragantino, o Tricolor Ga\u00facho anunciou o t\u00e9rmino dos contratos de Felipe Carballo e Jemerson.<\/p>\n\n\n\n<p>O volante uruguaio, de 29 anos, n\u00e3o se reapresentou para a pr\u00e9-temporada, foi multado pelo clube e encerra uma passagem conturbada por Porto Alegre ap\u00f3s tr\u00eas anos. Ele havia sido contratado pelo Gr\u00eamio em dezembro de 2022, vindo do Nacional, do Uruguai, com contrato v\u00e1lido at\u00e9 dezembro de 2026.<\/p>\n\n\n\n<figure class=\"wp-block-embed is-type-rich is-provider-twitter wp-block-embed-twitter\"><div class=\"wp-block-embed__wrapper\">\n<blockquote class=\"twitter-tweet\" data-width=\"500\" data-dnt=\"true\"><p lang=\"pt\" dir=\"ltr\">O Gr\u00eamio Foot-Ball Porto Alegrense informa que concluiu as negocia\u00e7\u00f5es relativas \u00e0s rescis\u00f5es de contrato dos atletas Felipe Carballo, Jemerson e Tiago Volpi.<br><br>O Clube agradece aos atletas pelos servi\u00e7os prestados e deseja sucesso na continuidade de suas carreiras.<\/p>&mdash; Gr\u00eamio FBPA (@Gremio) <a href=\"https:\/\/twitter.com\/Gremio\/status\/2013649078656053572?ref_src=twsrc%5Etfw\" target=\"_blank\" rel=\"noopener\">January 20, 2026<\/a><\/blockquote><script async src=\"https:\/\/platform.twitter.com\/widgets.js\" charset=\"utf-8\"><\/script>\n<\/div><\/figure>\n\n\n\n<p>O volante uruguaio de 29 anos n\u00e3o se reapresentou para a pr\u00e9-temporada, recebeu uma multa do clube e encerra uma trajet\u00f3ria marcada por pol\u00eamicas em Porto Alegre ap\u00f3s tr\u00eas temporadas. Ele havia sido contratado pelo Gr\u00eamio em dezembro de 2022, vindo do Nacional, do Uruguai, com v\u00ednculo v\u00e1lido at\u00e9 dezembro de 2026.<\/p>\n\n\n\n<p>Por fim, Tiago Volpi foi o goleiro titular do Gr\u00eamio na \u00faltima temporada, mas a chegada do t\u00e9cnico Lu\u00eds Castro alterou a hierarquia da posi\u00e7\u00e3o. Weverton, do Palmeiras, foi contratado para assumir a titularidade, enquanto o contrato do reserva Gabriel Grando foi renovado por mais quatro anos.<\/p>\n\n\n\n<p><\/p>\n","protected":false},"excerpt":{"rendered":"<p>O Gr\u00eamio anunciou um verdadeiro pacot\u00e3o de rescis\u00f5es contratuais durante esta semana. Al\u00e9m do goleiro Tiago Volpi, que possui conversas para refor\u00e7ar o RB Bragantino, o Tricolor Ga\u00facho anunciou o t\u00e9rmino dos contratos de Felipe Carballo e Jemerson. O volante uruguaio, de 29 anos, n\u00e3o se reapresentou para a pr\u00e9-temporada, foi multado pelo clube e [&hellip;]<\/p>\n","protected":false},"author":4,"featured_media":11271,"comment_status":"open","ping_status":"open","sticky":false,"template":"","format":"standard","meta":{"jnews-multi-image_gallery":[],"jnews_single_post":{"format":"standard"},"jnews_primary_category":[],"jnews_social_meta":[],"jnews_post_split":[],"footnotes":""},"categories":[1],"tags":[],"class_list":["post-14331","post","type-post","status-publish","format-standard","has-post-thumbnail","hentry","category-uncategorized"],"_links":{"self":[{"href":"https:\/\/diariodepernambuco.audiencelabs.com.br\/wp-json\/wp\/v2\/posts\/14331","targetHints":{"allow":["GET"]}}],"collection":[{"href":"https:\/\/diariodepernambuco.audiencelabs.com.br\/wp-json\/wp\/v2\/posts"}],"about":[{"href":"https:\/\/diariodepernambuco.audiencelabs.com.br\/wp-json\/wp\/v2\/types\/post"}],"author":[{"embeddable":true,"href":"https:\/\/diariodepernambuco.audiencelabs.com.br\/wp-json\/wp\/v2\/users\/4"}],"replies":[{"embeddable":true,"href":"https:\/\/diariodepernambuco.audiencelabs.com.br\/wp-json\/wp\/v2\/comments?post=14331"}],"version-history":[{"count":2,"href":"https:\/\/diariodepernambuco.audiencelabs.com.br\/wp-json\/wp\/v2\/posts\/14331\/revisions"}],"predecessor-version":[{"id":14337,"href":"https:\/\/diariodepernambuco.audiencelabs.com.br\/wp-json\/wp\/v2\/posts\/14331\/revisions\/14337"}],"wp:featuredmedia":[{"embeddable":true,"href":"https:\/\/diariodepernambuco.audiencelabs.com.br\/wp-json\/wp\/v2\/media\/11271"}],"wp:attachment":[{"href":"https:\/\/diariodepernambuco.audiencelabs.com.br\/wp-json\/wp\/v2\/media?parent=14331"}],"wp:term":[{"taxonomy":"category","embeddable":true,"href":"https:\/\/diariodepernambuco.audiencelabs.com.br\/wp-json\/wp\/v2\/categories?post=14331"},{"taxonomy":"post_tag","embeddable":true,"href":"https:\/\/diariodepernambuco.audiencelabs.com.br\/wp-json\/wp\/v2\/tags?post=14331"}],"curies":[{"name":"wp","href":"https:\/\/api.w.org\/{rel}","templated":true}]}}