{"id":14360,"date":"2026-01-20T15:35:16","date_gmt":"2026-01-20T18:35:16","guid":{"rendered":"https:\/\/diariodepernambuco.audiencelabs.com.br\/?p=14360"},"modified":"2026-01-20T15:35:19","modified_gmt":"2026-01-20T18:35:19","slug":"ar-condicionado-feito-em-casa-reduz-conta-de-luz-e-deixa-quarto-com-clima-de-hotel","status":"publish","type":"post","link":"https:\/\/diariodepernambuco.audiencelabs.com.br\/ar-condicionado-feito-em-casa-reduz-conta-de-luz-e-deixa-quarto-com-clima-de-hotel\/","title":{"rendered":"Ar-condicionado feito em casa reduz conta de luz e deixa quarto com clima de hotel"},"content":{"rendered":"\n<p>Com as altas temperaturas cada vez mais frequentes, muita gente procura solu\u00e7\u00f5es para deixar o ambiente mais agrad\u00e1vel sem recorrer ao ar-condicionado, seja pelo custo do aparelho ou pelo impacto na conta de luz. Nesse cen\u00e1rio, uma alternativa simples e barata tem ganhado espa\u00e7o: um sistema improvisado que usa ventilador e gelo para aumentar a sensa\u00e7\u00e3o de frescor.<\/p>\n\n\n\n<h2 class=\"wp-block-heading\">Alternativa simples para driblar o calor<\/h2>\n\n\n\n<p>A proposta funciona como uma adapta\u00e7\u00e3o caseira, pensada principalmente para quem quer aliviar o calor em espa\u00e7os pequenos, como quartos ou escrit\u00f3rios. O objetivo n\u00e3o \u00e9 substituir o ar-condicionado, mas potencializar o vento do ventilador, tornando-o mais refrescante quando direcionado diretamente para a pessoa.<\/p>\n\n\n\n<h2 class=\"wp-block-heading\">Materiais f\u00e1ceis e montagem r\u00e1pida<\/h2>\n\n\n\n<p>A montagem come\u00e7a com uma caixa de isopor, que serve como base para armazenar o gelo e conduzir o ar. Na tampa ou nas laterais, devem ser feitos dois furos do mesmo tamanho, onde ser\u00e3o encaixados peda\u00e7os de cano de PVC. \u00c9 importante medir e marcar bem os pontos antes de cortar, para garantir que as pe\u00e7as fiquem firmes.<\/p>\n\n\n\n<p>Uma garrafa pl\u00e1stica cortada ao meio tamb\u00e9m entra no processo. A parte do gargalo \u00e9 rosqueada em um dos canos, criando um canal para o fluxo de ar. Esse conjunto \u00e9 ent\u00e3o fixado na frente do ventilador, de forma que o vento seja empurrado para dentro da estrutura montada.<\/p>\n\n\n\n<h2 class=\"wp-block-heading\">Como o sistema funciona na pr\u00e1tica<\/h2>\n\n\n\n<p>Depois de tudo montado, basta colocar bastante gelo dentro da caixa de isopor e ligar o ventilador. O ar quente \u00e9 direcionado para o interior da caixa, passa pelo gelo e retorna mais frio, sendo lan\u00e7ado novamente para o ambiente. Esse ciclo cria uma sensa\u00e7\u00e3o t\u00e9rmica mais agrad\u00e1vel, principalmente quando o vento est\u00e1 voltado para quem est\u00e1 pr\u00f3ximo.<\/p>\n\n\n\n<h2 class=\"wp-block-heading\">Efici\u00eancia depende do ambiente<\/h2>\n\n\n\n<p>O efeito costuma ser mais percept\u00edvel em locais menores e por per\u00edodos curtos, j\u00e1 que o gelo derrete com o tempo. Ainda assim, a ideia chama aten\u00e7\u00e3o por ser acess\u00edvel, f\u00e1cil de montar e por utilizar apenas o ventilador, consumindo bem menos energia do que um ar-condicionado convencional.<\/p>\n","protected":false},"excerpt":{"rendered":"<p>Com as altas temperaturas cada vez mais frequentes, muita gente procura solu\u00e7\u00f5es para deixar o ambiente mais agrad\u00e1vel sem recorrer ao ar-condicionado, seja pelo custo do aparelho ou pelo impacto na conta de luz. Nesse cen\u00e1rio, uma alternativa simples e barata tem ganhado espa\u00e7o: um sistema improvisado que usa ventilador e gelo para aumentar a [&hellip;]<\/p>\n","protected":false},"author":7,"featured_media":14361,"comment_status":"open","ping_status":"open","sticky":false,"template":"","format":"standard","meta":{"jnews-multi-image_gallery":[],"jnews_single_post":{"format":"standard"},"jnews_primary_category":[],"jnews_social_meta":[],"jnews_post_split":[],"footnotes":""},"categories":[1],"tags":[],"class_list":["post-14360","post","type-post","status-publish","format-standard","has-post-thumbnail","hentry","category-uncategorized"],"_links":{"self":[{"href":"https:\/\/diariodepernambuco.audiencelabs.com.br\/wp-json\/wp\/v2\/posts\/14360","targetHints":{"allow":["GET"]}}],"collection":[{"href":"https:\/\/diariodepernambuco.audiencelabs.com.br\/wp-json\/wp\/v2\/posts"}],"about":[{"href":"https:\/\/diariodepernambuco.audiencelabs.com.br\/wp-json\/wp\/v2\/types\/post"}],"author":[{"embeddable":true,"href":"https:\/\/diariodepernambuco.audiencelabs.com.br\/wp-json\/wp\/v2\/users\/7"}],"replies":[{"embeddable":true,"href":"https:\/\/diariodepernambuco.audiencelabs.com.br\/wp-json\/wp\/v2\/comments?post=14360"}],"version-history":[{"count":1,"href":"https:\/\/diariodepernambuco.audiencelabs.com.br\/wp-json\/wp\/v2\/posts\/14360\/revisions"}],"predecessor-version":[{"id":14362,"href":"https:\/\/diariodepernambuco.audiencelabs.com.br\/wp-json\/wp\/v2\/posts\/14360\/revisions\/14362"}],"wp:featuredmedia":[{"embeddable":true,"href":"https:\/\/diariodepernambuco.audiencelabs.com.br\/wp-json\/wp\/v2\/media\/14361"}],"wp:attachment":[{"href":"https:\/\/diariodepernambuco.audiencelabs.com.br\/wp-json\/wp\/v2\/media?parent=14360"}],"wp:term":[{"taxonomy":"category","embeddable":true,"href":"https:\/\/diariodepernambuco.audiencelabs.com.br\/wp-json\/wp\/v2\/categories?post=14360"},{"taxonomy":"post_tag","embeddable":true,"href":"https:\/\/diariodepernambuco.audiencelabs.com.br\/wp-json\/wp\/v2\/tags?post=14360"}],"curies":[{"name":"wp","href":"https:\/\/api.w.org\/{rel}","templated":true}]}}