{"id":14379,"date":"2026-01-24T03:40:00","date_gmt":"2026-01-24T06:40:00","guid":{"rendered":"https:\/\/diariodepernambuco.audiencelabs.com.br\/?p=14379"},"modified":"2026-01-20T18:11:23","modified_gmt":"2026-01-20T21:11:23","slug":"ponte-gigante-vai-ser-construida-no-nordeste-e-china-chega-como-aliado-para-construir","status":"publish","type":"post","link":"https:\/\/diariodepernambuco.audiencelabs.com.br\/ponte-gigante-vai-ser-construida-no-nordeste-e-china-chega-como-aliado-para-construir\/","title":{"rendered":"Ponte gigante vai ser constru\u00edda no Nordeste e China chega como aliada para construir"},"content":{"rendered":"\n<p>A partir deste ano, o Brasil pode se tornar palco de mais um projeto que deve fortalecer ainda mais os la\u00e7os com a China, uma vez que o pa\u00eds asi\u00e1tico decidiu se envolver <strong>na constru\u00e7\u00e3o da ponte Salvador\u2013Itaparica<\/strong>.<\/p>\n\n\n\n<p>A parceria para a obra foi firmada em novembro do ano passado, durante o per\u00edodo de realiza\u00e7\u00e3o do III F\u00f3rum Bahia-China, organizado pela Superintend\u00eancia de Estudos Econ\u00f4micos e Sociais da Bahia (SEI) junto com o Programa das Na\u00e7\u00f5es Unidas para o Desenvolvimento (PNUD) e o Consulado-Geral da China.<\/p>\n\n\n\n<p>Na \u00e9poca, a c\u00f4nsul-geral da China, <strong>Tian Min<\/strong>, esteve em Salvador, a capital baiana, e destacou o interesse do governo de seu pa\u00eds em manter boas rela\u00e7\u00f5es com o estado do Nordeste, exaltando o potencial de todos os envolvidos no projeto.<\/p>\n\n\n\n<p>A ponte, que ligar\u00e1 Salvador \u00e0 Ilha de Itaparica, deve ter <strong>12,4 km de extens\u00e3o no total<\/strong> e, de acordo com informa\u00e7\u00f5es divulgadas pelo portal <em>CNN<\/em>, pode ter demandado um investimento em torno de R$ 10 bilh\u00f5es para sua constru\u00e7\u00e3o.<\/p>\n\n\n\n<h2 class=\"wp-block-heading\">Obras de ponte ser\u00e3o iniciadas no segundo semestre<\/h2>\n\n\n\n<p>Em declara\u00e7\u00e3o mais recente, o governador Jer\u00f4nimo Rodrigues (PT) afirmou que a constru\u00e7\u00e3o da aguardad\u00edssima ponte deve ser iniciada a partir do segundo semestre de 2026, seguindo o cronograma divulgado originalmente.<\/p>\n\n\n\n<p>Inclusive, segundo ele, os preparativos j\u00e1 est\u00e3o em fase final e a montagem dos canteiros deve ser iniciada em breve. Al\u00e9m disso, Rodrigues destacou ainda que a ind\u00fastria naval em Maragogipe servir\u00e1 como o local para que o cons\u00f3rcio respons\u00e1vel pela obra monte muitas das pe\u00e7as necess\u00e1rias para concluir a estrutura.<\/p>\n\n\n\n<p>Ainda de acordo com a <em>CNN<\/em>, o governo baiano deve incluir o projeto no novo Programa de Acelera\u00e7\u00e3o de Crescimento (PAC). Portanto, estima-se que a ponte pode acabar rendendo ganhos ainda mais significativos para o Brasil.<\/p>\n","protected":false},"excerpt":{"rendered":"<p>A partir deste ano, o Brasil pode se tornar palco de mais um projeto que deve fortalecer ainda mais os la\u00e7os com a China, uma vez que o pa\u00eds asi\u00e1tico decidiu se envolver na constru\u00e7\u00e3o da ponte Salvador\u2013Itaparica. A parceria para a obra foi firmada em novembro do ano passado, durante o per\u00edodo de realiza\u00e7\u00e3o [&hellip;]<\/p>\n","protected":false},"author":15,"featured_media":14380,"comment_status":"open","ping_status":"open","sticky":false,"template":"","format":"standard","meta":{"jnews-multi-image_gallery":[],"jnews_single_post":{"format":"standard"},"jnews_primary_category":[],"jnews_social_meta":[],"jnews_post_split":[],"footnotes":""},"categories":[1],"tags":[],"class_list":["post-14379","post","type-post","status-publish","format-standard","has-post-thumbnail","hentry","category-uncategorized"],"_links":{"self":[{"href":"https:\/\/diariodepernambuco.audiencelabs.com.br\/wp-json\/wp\/v2\/posts\/14379","targetHints":{"allow":["GET"]}}],"collection":[{"href":"https:\/\/diariodepernambuco.audiencelabs.com.br\/wp-json\/wp\/v2\/posts"}],"about":[{"href":"https:\/\/diariodepernambuco.audiencelabs.com.br\/wp-json\/wp\/v2\/types\/post"}],"author":[{"embeddable":true,"href":"https:\/\/diariodepernambuco.audiencelabs.com.br\/wp-json\/wp\/v2\/users\/15"}],"replies":[{"embeddable":true,"href":"https:\/\/diariodepernambuco.audiencelabs.com.br\/wp-json\/wp\/v2\/comments?post=14379"}],"version-history":[{"count":2,"href":"https:\/\/diariodepernambuco.audiencelabs.com.br\/wp-json\/wp\/v2\/posts\/14379\/revisions"}],"predecessor-version":[{"id":14388,"href":"https:\/\/diariodepernambuco.audiencelabs.com.br\/wp-json\/wp\/v2\/posts\/14379\/revisions\/14388"}],"wp:featuredmedia":[{"embeddable":true,"href":"https:\/\/diariodepernambuco.audiencelabs.com.br\/wp-json\/wp\/v2\/media\/14380"}],"wp:attachment":[{"href":"https:\/\/diariodepernambuco.audiencelabs.com.br\/wp-json\/wp\/v2\/media?parent=14379"}],"wp:term":[{"taxonomy":"category","embeddable":true,"href":"https:\/\/diariodepernambuco.audiencelabs.com.br\/wp-json\/wp\/v2\/categories?post=14379"},{"taxonomy":"post_tag","embeddable":true,"href":"https:\/\/diariodepernambuco.audiencelabs.com.br\/wp-json\/wp\/v2\/tags?post=14379"}],"curies":[{"name":"wp","href":"https:\/\/api.w.org\/{rel}","templated":true}]}}