{"id":14395,"date":"2026-01-21T13:00:00","date_gmt":"2026-01-21T16:00:00","guid":{"rendered":"https:\/\/diariodepernambuco.audiencelabs.com.br\/?p=14395"},"modified":"2026-01-20T19:12:36","modified_gmt":"2026-01-20T22:12:36","slug":"ministerio-publico-anuncia-concursos-com-salarios-gordos-e-nao-e-facil-ser-aprovado","status":"publish","type":"post","link":"https:\/\/diariodepernambuco.audiencelabs.com.br\/ministerio-publico-anuncia-concursos-com-salarios-gordos-e-nao-e-facil-ser-aprovado\/","title":{"rendered":"Minist\u00e9rio P\u00fablico anuncia concursos com sal\u00e1rios gordos e n\u00e3o \u00e9 f\u00e1cil ser aprovado"},"content":{"rendered":"\n<p>Uma nova janela de oportunidades se abre para quem busca estabilidade financeira e profissional no setor p\u00fablico. O Minist\u00e9rio P\u00fablico anunciou a abertura de um processo seletivo voltado para profissionais que possuem o certificado de conclus\u00e3o do ensino m\u00e9dio. Embora as vagas estejam concentradas no estado de Goi\u00e1s, o certame \u00e9 de abrang\u00eancia nacional, permitindo que interessados de diversas regi\u00f5es, inclusive de Pernambuco, busquem uma coloca\u00e7\u00e3o na carreira de oficial de promotoria.<\/p>\n\n\n\n<h2 class=\"wp-block-heading\">Ganhos mensais e estabilidade profissional<\/h2>\n\n\n\n<p>A carreira oferece um atrativo pacote de remunera\u00e7\u00e3o que se destaca no cen\u00e1rio atual. O vencimento inicial \u00e9 fixado em pouco mais de 4,5 mil reais, mas o valor real que entra na conta do servidor \u00e9 significativamente maior. Somando gratifica\u00e7\u00f5es e benef\u00edcios diversos, como aux\u00edlio para alimenta\u00e7\u00e3o, transporte, assist\u00eancia m\u00e9dica e suporte para creche, os acr\u00e9scimos podem superar a marca de 3 mil reais mensais. Al\u00e9m do retorno financeiro, o regime de contrata\u00e7\u00e3o \u00e9 o estatut\u00e1rio, o que garante a perman\u00eancia definitiva no cargo ap\u00f3s o cumprimento do est\u00e1gio probat\u00f3rio previsto na legisla\u00e7\u00e3o.<\/p>\n\n\n\n<h2 class=\"wp-block-heading\">Crit\u00e9rios de participa\u00e7\u00e3o e rotina externa<\/h2>\n\n\n\n<p>Para disputar uma das vagas imediatas ou compor o cadastro de reserva, os candidatos precisam preencher requisitos b\u00e1sicos de escolaridade e habilita\u00e7\u00e3o. Al\u00e9m do n\u00edvel m\u00e9dio completo, o edital exige que o concorrente possua a Carteira Nacional de Habilita\u00e7\u00e3o nas categorias A e B. Essa necessidade se justifica pelas atribui\u00e7\u00f5es do cargo de oficial de promotoria, que envolvem frequentemente tarefas externas e deslocamentos constantes para dar suporte \u00e0s atividades das unidades ministeriais. Cumprir essas exig\u00eancias \u00e9 fundamental para evitar impedimentos no momento da posse.<\/p>\n\n\n\n<h2 class=\"wp-block-heading\">Etapas de sele\u00e7\u00e3o e cronograma de provas<\/h2>\n\n\n\n<p>O processo de escolha dos novos servidores ser\u00e1 realizado por meio de uma prova objetiva, contendo quest\u00f5es de m\u00faltipla escolha. O conte\u00fado program\u00e1tico abrange disciplinas fundamentais, como l\u00edngua portuguesa, matem\u00e1tica com foco em racioc\u00ednio l\u00f3gico, no\u00e7\u00f5es de inform\u00e1tica e atualidades. Tamb\u00e9m ser\u00e1 cobrado o conhecimento sobre a legisla\u00e7\u00e3o interna do Minist\u00e9rio P\u00fablico. As inscri\u00e7\u00f5es devem ser efetuadas exclusivamente pela internet, no portal oficial da institui\u00e7\u00e3o, at\u00e9 o dia 5 de fevereiro.<\/p>\n\n\n\n<p>As provas est\u00e3o agendadas para o dia 26 de abril de 2026, com a divulga\u00e7\u00e3o dos resultados preliminares prevista para os meses seguintes. De acordo com o calend\u00e1rio oficial, a conclus\u00e3o definitiva de todas as etapas e a divulga\u00e7\u00e3o da lista de aprovados ocorrer\u00e3o em setembro, permitindo que as convoca\u00e7\u00f5es comecem ainda no final deste ano.<\/p>\n","protected":false},"excerpt":{"rendered":"<p>Uma nova janela de oportunidades se abre para quem busca estabilidade financeira e profissional no setor p\u00fablico. O Minist\u00e9rio P\u00fablico anunciou a abertura de um processo seletivo voltado para profissionais que possuem o certificado de conclus\u00e3o do ensino m\u00e9dio. Embora as vagas estejam concentradas no estado de Goi\u00e1s, o certame \u00e9 de abrang\u00eancia nacional, permitindo [&hellip;]<\/p>\n","protected":false},"author":7,"featured_media":14400,"comment_status":"open","ping_status":"open","sticky":false,"template":"","format":"standard","meta":{"jnews-multi-image_gallery":[],"jnews_single_post":{"format":"standard"},"jnews_primary_category":[],"jnews_social_meta":[],"jnews_post_split":[],"footnotes":""},"categories":[1],"tags":[],"class_list":["post-14395","post","type-post","status-publish","format-standard","has-post-thumbnail","hentry","category-uncategorized"],"_links":{"self":[{"href":"https:\/\/diariodepernambuco.audiencelabs.com.br\/wp-json\/wp\/v2\/posts\/14395","targetHints":{"allow":["GET"]}}],"collection":[{"href":"https:\/\/diariodepernambuco.audiencelabs.com.br\/wp-json\/wp\/v2\/posts"}],"about":[{"href":"https:\/\/diariodepernambuco.audiencelabs.com.br\/wp-json\/wp\/v2\/types\/post"}],"author":[{"embeddable":true,"href":"https:\/\/diariodepernambuco.audiencelabs.com.br\/wp-json\/wp\/v2\/users\/7"}],"replies":[{"embeddable":true,"href":"https:\/\/diariodepernambuco.audiencelabs.com.br\/wp-json\/wp\/v2\/comments?post=14395"}],"version-history":[{"count":2,"href":"https:\/\/diariodepernambuco.audiencelabs.com.br\/wp-json\/wp\/v2\/posts\/14395\/revisions"}],"predecessor-version":[{"id":14402,"href":"https:\/\/diariodepernambuco.audiencelabs.com.br\/wp-json\/wp\/v2\/posts\/14395\/revisions\/14402"}],"wp:featuredmedia":[{"embeddable":true,"href":"https:\/\/diariodepernambuco.audiencelabs.com.br\/wp-json\/wp\/v2\/media\/14400"}],"wp:attachment":[{"href":"https:\/\/diariodepernambuco.audiencelabs.com.br\/wp-json\/wp\/v2\/media?parent=14395"}],"wp:term":[{"taxonomy":"category","embeddable":true,"href":"https:\/\/diariodepernambuco.audiencelabs.com.br\/wp-json\/wp\/v2\/categories?post=14395"},{"taxonomy":"post_tag","embeddable":true,"href":"https:\/\/diariodepernambuco.audiencelabs.com.br\/wp-json\/wp\/v2\/tags?post=14395"}],"curies":[{"name":"wp","href":"https:\/\/api.w.org\/{rel}","templated":true}]}}