{"id":14414,"date":"2026-01-21T03:00:00","date_gmt":"2026-01-21T06:00:00","guid":{"rendered":"https:\/\/diariodepernambuco.audiencelabs.com.br\/?p=14414"},"modified":"2026-01-20T22:38:24","modified_gmt":"2026-01-21T01:38:24","slug":"tchau-netflix-governo-lanca-plataforma-para-assistir-filmes-de-graca","status":"publish","type":"post","link":"https:\/\/diariodepernambuco.audiencelabs.com.br\/tchau-netflix-governo-lanca-plataforma-para-assistir-filmes-de-graca\/","title":{"rendered":"Tchau, Netflix? Governo lan\u00e7a plataforma para assistir filmes de gra\u00e7a"},"content":{"rendered":"\n<p>O Minist\u00e9rio da Cultura confirmou a cria\u00e7\u00e3o da Plataforma Tela Brasil, um servi\u00e7o de streaming p\u00fablico e gratuito dedicado exclusivamente ao audiovisual produzido no pa\u00eds. A iniciativa, que est\u00e1 na reta final de testes, tem lan\u00e7amento previsto para o primeiro trimestre de 2026 e ser\u00e1 acess\u00edvel a qualquer cidad\u00e3o com cadastro ativo no sistema gov.br.<\/p>\n\n\n\n<h2 class=\"wp-block-heading\">Streaming p\u00fablico com foco na produ\u00e7\u00e3o nacional<\/h2>\n\n\n\n<p>A proposta da Tela Brasil \u00e9 funcionar como uma alternativa estatal \u00e0s plataformas privadas, reunindo conte\u00fados brasileiros em um \u00fanico ambiente digital. O cat\u00e1logo dever\u00e1 incluir curtas, m\u00e9dias e longas-metragens, al\u00e9m de s\u00e9ries produzidas no pa\u00eds, com o objetivo de ampliar o acesso da popula\u00e7\u00e3o \u00e0 diversidade do cinema e da televis\u00e3o nacional.<\/p>\n\n\n\n<p>De acordo com o Minist\u00e9rio da Cultura, informa\u00e7\u00f5es que circulam nas redes sociais indicando que o servi\u00e7o j\u00e1 estaria dispon\u00edvel n\u00e3o s\u00e3o verdadeiras. Em comunicado oficial, a pasta esclareceu que tanto a plataforma quanto os aplicativos para Android e iOS ainda passam por ajustes t\u00e9cnicos antes do lan\u00e7amento.<\/p>\n\n\n\n<h2 class=\"wp-block-heading\">Acervo em fase final de montagem<\/h2>\n\n\n\n<p>O conte\u00fado da Tela Brasil est\u00e1 sendo estruturado e deve chegar a cerca de 555 obras na estreia. Para viabilizar o projeto, o governo federal destinou aproximadamente R$ 4,4 milh\u00f5es, valor utilizado na organiza\u00e7\u00e3o, digitaliza\u00e7\u00e3o e licenciamento dos t\u00edtulos.<\/p>\n\n\n\n<p>A curadoria envolve acervos pr\u00f3prios do Minist\u00e9rio da Cultura e parcerias com institui\u00e7\u00f5es reconhecidas, como a Cinemateca Brasileira, o Centro T\u00e9cnico Audiovisual, a Funarte e a Funda\u00e7\u00e3o Cultural Palmares. Tamb\u00e9m est\u00e3o previstos filmes brasileiros que j\u00e1 concorreram ao Oscar, al\u00e9m de produ\u00e7\u00f5es selecionadas por meio de editais p\u00fablicos.<\/p>\n\n\n\n<h2 class=\"wp-block-heading\">Uso educacional e acesso ampliado<\/h2>\n\n\n\n<p>Al\u00e9m do p\u00fablico em geral, a plataforma foi pensada para atender escolas de educa\u00e7\u00e3o b\u00e1sica e espa\u00e7os culturais sem fins comerciais. A iniciativa se conecta \u00e0 Lei n\u00ba 13.006\/2014, que prev\u00ea a exibi\u00e7\u00e3o de obras brasileiras no ambiente escolar.<\/p>\n\n\n\n<p>Os conte\u00fados tamb\u00e9m poder\u00e3o ser utilizados por bibliotecas p\u00fablicas, cineclubes, centros culturais, Pontos de Cultura, CEUs e espa\u00e7os de mem\u00f3ria. A expectativa do governo \u00e9 que a Tela Brasil fortale\u00e7a a circula\u00e7\u00e3o do audiovisual nacional e democratize o acesso \u00e0 produ\u00e7\u00e3o cultural brasileira.<\/p>\n","protected":false},"excerpt":{"rendered":"<p>O Minist\u00e9rio da Cultura confirmou a cria\u00e7\u00e3o da Plataforma Tela Brasil, um servi\u00e7o de streaming p\u00fablico e gratuito dedicado exclusivamente ao audiovisual produzido no pa\u00eds. A iniciativa, que est\u00e1 na reta final de testes, tem lan\u00e7amento previsto para o primeiro trimestre de 2026 e ser\u00e1 acess\u00edvel a qualquer cidad\u00e3o com cadastro ativo no sistema gov.br. [&hellip;]<\/p>\n","protected":false},"author":7,"featured_media":7064,"comment_status":"open","ping_status":"open","sticky":false,"template":"","format":"standard","meta":{"jnews-multi-image_gallery":[],"jnews_single_post":{"format":"standard"},"jnews_primary_category":[],"jnews_social_meta":[],"jnews_post_split":[],"footnotes":""},"categories":[1],"tags":[],"class_list":["post-14414","post","type-post","status-publish","format-standard","has-post-thumbnail","hentry","category-uncategorized"],"_links":{"self":[{"href":"https:\/\/diariodepernambuco.audiencelabs.com.br\/wp-json\/wp\/v2\/posts\/14414","targetHints":{"allow":["GET"]}}],"collection":[{"href":"https:\/\/diariodepernambuco.audiencelabs.com.br\/wp-json\/wp\/v2\/posts"}],"about":[{"href":"https:\/\/diariodepernambuco.audiencelabs.com.br\/wp-json\/wp\/v2\/types\/post"}],"author":[{"embeddable":true,"href":"https:\/\/diariodepernambuco.audiencelabs.com.br\/wp-json\/wp\/v2\/users\/7"}],"replies":[{"embeddable":true,"href":"https:\/\/diariodepernambuco.audiencelabs.com.br\/wp-json\/wp\/v2\/comments?post=14414"}],"version-history":[{"count":1,"href":"https:\/\/diariodepernambuco.audiencelabs.com.br\/wp-json\/wp\/v2\/posts\/14414\/revisions"}],"predecessor-version":[{"id":14415,"href":"https:\/\/diariodepernambuco.audiencelabs.com.br\/wp-json\/wp\/v2\/posts\/14414\/revisions\/14415"}],"wp:featuredmedia":[{"embeddable":true,"href":"https:\/\/diariodepernambuco.audiencelabs.com.br\/wp-json\/wp\/v2\/media\/7064"}],"wp:attachment":[{"href":"https:\/\/diariodepernambuco.audiencelabs.com.br\/wp-json\/wp\/v2\/media?parent=14414"}],"wp:term":[{"taxonomy":"category","embeddable":true,"href":"https:\/\/diariodepernambuco.audiencelabs.com.br\/wp-json\/wp\/v2\/categories?post=14414"},{"taxonomy":"post_tag","embeddable":true,"href":"https:\/\/diariodepernambuco.audiencelabs.com.br\/wp-json\/wp\/v2\/tags?post=14414"}],"curies":[{"name":"wp","href":"https:\/\/api.w.org\/{rel}","templated":true}]}}