{"id":14416,"date":"2026-01-21T04:00:00","date_gmt":"2026-01-21T07:00:00","guid":{"rendered":"https:\/\/diariodepernambuco.audiencelabs.com.br\/?p=14416"},"modified":"2026-01-20T22:43:14","modified_gmt":"2026-01-21T01:43:14","slug":"5-habilidades-que-todos-chefes-precisam-ter-em-2026","status":"publish","type":"post","link":"https:\/\/diariodepernambuco.audiencelabs.com.br\/5-habilidades-que-todos-chefes-precisam-ter-em-2026\/","title":{"rendered":"5 habilidades que todos chefes precisam ter em 2026"},"content":{"rendered":"\n<p>A figura do l\u00edder corporativo est\u00e1 passando por uma reformula\u00e7\u00e3o significativa. Em 2026, comandar equipes vai muito al\u00e9m de cobrar metas ou ocupar cargos de chefia. O novo cen\u00e1rio, marcado por avan\u00e7os tecnol\u00f3gicos, uso crescente de intelig\u00eancia artificial, mudan\u00e7as aceleradas e maior cobran\u00e7a por bem-estar no trabalho, exige l\u00edderes mais preparados emocionalmente, estrat\u00e9gicos e atentos \u00e0s rela\u00e7\u00f5es humanas.<\/p>\n\n\n\n<p>Especialistas ouvidos apontam quais habilidades ser\u00e3o determinantes para quem deseja se manter relevante na lideran\u00e7a nos pr\u00f3ximos anos.<\/p>\n\n\n\n<h2 class=\"wp-block-heading\">Comunica\u00e7\u00e3o como ferramenta central de gest\u00e3o<\/h2>\n\n\n\n<p>Saber se comunicar deixou de ser apenas um diferencial e passou a ocupar um papel central na condu\u00e7\u00e3o de equipes. Em ambientes diversos, h\u00edbridos e muitas vezes remotos, a clareza na mensagem e a responsabilidade no discurso s\u00e3o essenciais para evitar ru\u00eddos e fortalecer a confian\u00e7a.<\/p>\n\n\n\n<p>De acordo com a especialista em gest\u00e3o empresarial Juliana D\u2019andrades, a forma como o l\u00edder se expressa influencia diretamente o clima organizacional, o engajamento do time e os resultados entregues.<\/p>\n\n\n\n<h2 class=\"wp-block-heading\">Intelig\u00eancia emocional em cen\u00e1rios de press\u00e3o<\/h2>\n\n\n\n<p>Com metas cada vez mais desafiadoras e equipes emocionalmente sobrecarregadas, a capacidade de lidar com sentimentos se tornou indispens\u00e1vel. Liderar em 2026 exige equil\u00edbrio, empatia e autocontrole para tomar decis\u00f5es mais conscientes.<\/p>\n\n\n\n<p>Juliana D\u2019andrades destaca que compreender as pr\u00f3prias emo\u00e7\u00f5es e respeitar os limites dos outros \u00e9 fundamental para sustentar uma lideran\u00e7a saud\u00e1vel e eficiente.<\/p>\n\n\n\n<h2 class=\"wp-block-heading\">Transpar\u00eancia como base do engajamento<\/h2>\n\n\n\n<p>Para criar equipes comprometidas, n\u00e3o basta motiva\u00e7\u00e3o superficial. Compartilhar informa\u00e7\u00f5es, explicar decis\u00f5es e alinhar expectativas fortalece o senso de pertencimento. Segundo a mercad\u00f3loga Nah Casoti, l\u00edderes transparentes constroem rela\u00e7\u00f5es mais s\u00f3lidas e estimulam o crescimento coletivo.<\/p>\n\n\n\n<h2 class=\"wp-block-heading\">Tecnologia aliada \u00e0 gest\u00e3o de pessoas<\/h2>\n\n\n\n<p>O uso de dados e intelig\u00eancia artificial j\u00e1 faz parte da rotina corporativa, mas precisa caminhar junto com o olhar humano. Para Douglas Andreas Valverde, CEO da TechTrials, o desafio da lideran\u00e7a est\u00e1 em integrar tecnologia e pessoas de forma \u00e9tica e estrat\u00e9gica.<\/p>\n\n\n\n<h2 class=\"wp-block-heading\">Escuta ativa e constru\u00e7\u00e3o coletiva<\/h2>\n\n\n\n<p>Modelos colaborativos ganham espa\u00e7o e exigem l\u00edderes mais abertos ao di\u00e1logo. Ouvir de forma genu\u00edna, considerar opini\u00f5es e construir solu\u00e7\u00f5es em conjunto fortalece a confian\u00e7a. Para Larissa Calheiros, da ag\u00eancia SIDE, a empatia e a escuta ativa s\u00e3o pilares da lideran\u00e7a moderna.<\/p>\n","protected":false},"excerpt":{"rendered":"<p>A figura do l\u00edder corporativo est\u00e1 passando por uma reformula\u00e7\u00e3o significativa. Em 2026, comandar equipes vai muito al\u00e9m de cobrar metas ou ocupar cargos de chefia. O novo cen\u00e1rio, marcado por avan\u00e7os tecnol\u00f3gicos, uso crescente de intelig\u00eancia artificial, mudan\u00e7as aceleradas e maior cobran\u00e7a por bem-estar no trabalho, exige l\u00edderes mais preparados emocionalmente, estrat\u00e9gicos e atentos [&hellip;]<\/p>\n","protected":false},"author":7,"featured_media":3375,"comment_status":"open","ping_status":"open","sticky":false,"template":"","format":"standard","meta":{"jnews-multi-image_gallery":[],"jnews_single_post":{"format":"standard"},"jnews_primary_category":[],"jnews_social_meta":[],"jnews_post_split":[],"footnotes":""},"categories":[1],"tags":[],"class_list":["post-14416","post","type-post","status-publish","format-standard","has-post-thumbnail","hentry","category-uncategorized"],"_links":{"self":[{"href":"https:\/\/diariodepernambuco.audiencelabs.com.br\/wp-json\/wp\/v2\/posts\/14416","targetHints":{"allow":["GET"]}}],"collection":[{"href":"https:\/\/diariodepernambuco.audiencelabs.com.br\/wp-json\/wp\/v2\/posts"}],"about":[{"href":"https:\/\/diariodepernambuco.audiencelabs.com.br\/wp-json\/wp\/v2\/types\/post"}],"author":[{"embeddable":true,"href":"https:\/\/diariodepernambuco.audiencelabs.com.br\/wp-json\/wp\/v2\/users\/7"}],"replies":[{"embeddable":true,"href":"https:\/\/diariodepernambuco.audiencelabs.com.br\/wp-json\/wp\/v2\/comments?post=14416"}],"version-history":[{"count":1,"href":"https:\/\/diariodepernambuco.audiencelabs.com.br\/wp-json\/wp\/v2\/posts\/14416\/revisions"}],"predecessor-version":[{"id":14417,"href":"https:\/\/diariodepernambuco.audiencelabs.com.br\/wp-json\/wp\/v2\/posts\/14416\/revisions\/14417"}],"wp:featuredmedia":[{"embeddable":true,"href":"https:\/\/diariodepernambuco.audiencelabs.com.br\/wp-json\/wp\/v2\/media\/3375"}],"wp:attachment":[{"href":"https:\/\/diariodepernambuco.audiencelabs.com.br\/wp-json\/wp\/v2\/media?parent=14416"}],"wp:term":[{"taxonomy":"category","embeddable":true,"href":"https:\/\/diariodepernambuco.audiencelabs.com.br\/wp-json\/wp\/v2\/categories?post=14416"},{"taxonomy":"post_tag","embeddable":true,"href":"https:\/\/diariodepernambuco.audiencelabs.com.br\/wp-json\/wp\/v2\/tags?post=14416"}],"curies":[{"name":"wp","href":"https:\/\/api.w.org\/{rel}","templated":true}]}}