{"id":14436,"date":"2026-01-21T13:00:00","date_gmt":"2026-01-21T16:00:00","guid":{"rendered":"https:\/\/diariodepernambuco.audiencelabs.com.br\/?p=14436"},"modified":"2026-01-21T08:47:26","modified_gmt":"2026-01-21T11:47:26","slug":"brasileiros-ganham-aumento-no-salario-minimo-e-valor-vai-subir-em-em-quase-7","status":"publish","type":"post","link":"https:\/\/diariodepernambuco.audiencelabs.com.br\/brasileiros-ganham-aumento-no-salario-minimo-e-valor-vai-subir-em-em-quase-7\/","title":{"rendered":"Brasileiros ganham aumento no sal\u00e1rio m\u00ednimo e valor vai subir em quase 7%"},"content":{"rendered":"\n<p>Em 2026, o piso salarial nacional teve um aumento de R$ 103, passando a R$ 1.621. O reajuste, de 6,79%, entrou em vigor em janeiro, e os trabalhadores come\u00e7ar\u00e3o a receber o novo valor a partir de fevereiro. O Minist\u00e9rio do Planejamento e Or\u00e7amento confirmou o novo valor do sal\u00e1rio m\u00ednimo ap\u00f3s a divulga\u00e7\u00e3o dos \u00edndices de infla\u00e7\u00e3o.<\/p>\n\n\n\n<p>O reajuste do sal\u00e1rio m\u00ednimo leva em conta o INPC acumulado nos 12 meses at\u00e9 novembro, somado ao crescimento do PIB de dois anos antes, com um limite de 2,5 pontos percentuais acima da infla\u00e7\u00e3o. O INPC, \u00edndice que mede a varia\u00e7\u00e3o de pre\u00e7os para fam\u00edlias de baixa renda, registrou 0,03% em novembro e acumulou alta de 4,18% nos \u00faltimos 12 meses.<\/p>\n\n\n\n<p>O valor final do sal\u00e1rio m\u00ednimo ficou abaixo das estimativas do governo para o Or\u00e7amento de 2026. No in\u00edcio do ano, a previs\u00e3o era de R$ 1.630, e, na aprova\u00e7\u00e3o do Or\u00e7amento, de R$ 1.627. O valor oficial foi definido em R$ 1.621, devido \u00e0 infla\u00e7\u00e3o menor do que a esperada.<\/p>\n\n\n\n<p>A diferen\u00e7a reflete a desacelera\u00e7\u00e3o da infla\u00e7\u00e3o nos \u00faltimos meses. O governo utiliza o INPC e o crescimento do PIB para tentar garantir aumento real do sal\u00e1rio m\u00ednimo, mas estabelece um teto para evitar impactos excessivos nas contas p\u00fablicas.<\/p>\n\n\n\n<h2 class=\"wp-block-heading\">Reajuste traz al\u00edvio aos trabalhadores, mas mant\u00e9m cautela fiscal<\/h2>\n\n\n\n<p>O aumento do sal\u00e1rio m\u00ednimo em 2026 representa um al\u00edvio para milh\u00f5es de brasileiros, especialmente para fam\u00edlias de baixa renda, que sentem diretamente o impacto do piso nacional em seu or\u00e7amento. O reajuste de 6,79% acompanha a infla\u00e7\u00e3o e busca preservar o poder de compra sem comprometer as contas p\u00fablicas.<\/p>\n\n\n\n<p>Apesar do aumento, o valor final ficou abaixo das proje\u00e7\u00f5es iniciais do governo, refletindo a desacelera\u00e7\u00e3o da infla\u00e7\u00e3o nos \u00faltimos meses. A pol\u00edtica de limitar o reajuste garante equil\u00edbrio fiscal, ao mesmo tempo em que mant\u00e9m a meta de oferecer crescimento real do sal\u00e1rio m\u00ednimo aos trabalhadores.<\/p>\n\n\n\n<p><\/p>\n","protected":false},"excerpt":{"rendered":"<p>Em 2026, o piso salarial nacional teve um aumento de R$ 103, passando a R$ 1.621. O reajuste, de 6,79%, entrou em vigor em janeiro, e os trabalhadores come\u00e7ar\u00e3o a receber o novo valor a partir de fevereiro. O Minist\u00e9rio do Planejamento e Or\u00e7amento confirmou o novo valor do sal\u00e1rio m\u00ednimo ap\u00f3s a divulga\u00e7\u00e3o dos [&hellip;]<\/p>\n","protected":false},"author":4,"featured_media":2129,"comment_status":"open","ping_status":"open","sticky":false,"template":"","format":"standard","meta":{"jnews-multi-image_gallery":[],"jnews_single_post":{"format":"standard"},"jnews_primary_category":[],"jnews_social_meta":[],"jnews_post_split":[],"footnotes":""},"categories":[1],"tags":[],"class_list":["post-14436","post","type-post","status-publish","format-standard","has-post-thumbnail","hentry","category-uncategorized"],"_links":{"self":[{"href":"https:\/\/diariodepernambuco.audiencelabs.com.br\/wp-json\/wp\/v2\/posts\/14436","targetHints":{"allow":["GET"]}}],"collection":[{"href":"https:\/\/diariodepernambuco.audiencelabs.com.br\/wp-json\/wp\/v2\/posts"}],"about":[{"href":"https:\/\/diariodepernambuco.audiencelabs.com.br\/wp-json\/wp\/v2\/types\/post"}],"author":[{"embeddable":true,"href":"https:\/\/diariodepernambuco.audiencelabs.com.br\/wp-json\/wp\/v2\/users\/4"}],"replies":[{"embeddable":true,"href":"https:\/\/diariodepernambuco.audiencelabs.com.br\/wp-json\/wp\/v2\/comments?post=14436"}],"version-history":[{"count":3,"href":"https:\/\/diariodepernambuco.audiencelabs.com.br\/wp-json\/wp\/v2\/posts\/14436\/revisions"}],"predecessor-version":[{"id":14440,"href":"https:\/\/diariodepernambuco.audiencelabs.com.br\/wp-json\/wp\/v2\/posts\/14436\/revisions\/14440"}],"wp:featuredmedia":[{"embeddable":true,"href":"https:\/\/diariodepernambuco.audiencelabs.com.br\/wp-json\/wp\/v2\/media\/2129"}],"wp:attachment":[{"href":"https:\/\/diariodepernambuco.audiencelabs.com.br\/wp-json\/wp\/v2\/media?parent=14436"}],"wp:term":[{"taxonomy":"category","embeddable":true,"href":"https:\/\/diariodepernambuco.audiencelabs.com.br\/wp-json\/wp\/v2\/categories?post=14436"},{"taxonomy":"post_tag","embeddable":true,"href":"https:\/\/diariodepernambuco.audiencelabs.com.br\/wp-json\/wp\/v2\/tags?post=14436"}],"curies":[{"name":"wp","href":"https:\/\/api.w.org\/{rel}","templated":true}]}}