{"id":14447,"date":"2026-01-22T10:30:00","date_gmt":"2026-01-22T13:30:00","guid":{"rendered":"https:\/\/diariodepernambuco.audiencelabs.com.br\/?p=14447"},"modified":"2026-01-21T09:33:42","modified_gmt":"2026-01-21T12:33:42","slug":"revelado-qual-o-pais-que-mais-usa-ia-no-mundo","status":"publish","type":"post","link":"https:\/\/diariodepernambuco.audiencelabs.com.br\/revelado-qual-o-pais-que-mais-usa-ia-no-mundo\/","title":{"rendered":"Revelado qual o pa\u00eds que mais usa IA no mundo"},"content":{"rendered":"\n<p>Uma pesquisa recente da consultoria PwC revelou que o Brasil se destaca como um dos pa\u00edses que mais utilizam ferramentas de intelig\u00eancia artificial no mundo. O estudo confirma a voca\u00e7\u00e3o do pa\u00eds como um early adopter, mostrando que empresas e profissionais brasileiros est\u00e3o entre os mais r\u00e1pidos a adotar solu\u00e7\u00f5es de IA em compara\u00e7\u00e3o com outras na\u00e7\u00f5es.<\/p>\n\n\n\n<p>Nos \u00faltimos 12 meses, 71% dos profissionais brasileiros utilizaram intelig\u00eancia artificial pelo menos uma vez, bem acima da m\u00e9dia global, que \u00e9 de 54%. Como costuma ocorrer com tecnologias que ganham popularidade no pa\u00eds, a ades\u00e3o foi r\u00e1pida e acompanhada de grande entusiasmo.<\/p>\n\n\n\n<p>Entre os brasileiros que experimentaram a IA, 83% afirmam que ela melhorou a qualidade do trabalho e 79% relatam aumento de produtividade \u2014 n\u00fameros acima da m\u00e9dia global, que s\u00e3o de 75% e 74%, respectivamente. No entanto, o entusiasmo brasileiro tamb\u00e9m tem prazo curto.<\/p>\n\n\n\n<p>A pesquisa Global Hopes and Fears 2025 aponta que, apesar da anima\u00e7\u00e3o em testar os modelos de IA, apenas 26% dos profissionais do pa\u00eds (contra 14% no mundo) usam essas ferramentas diariamente. Parte dessa diferen\u00e7a se deve a fatores comportamentais, no estilo \u201cfogo de palha\u201d, mas h\u00e1 outros motivos que limitam a ado\u00e7\u00e3o cont\u00ednua.<\/p>\n\n\n\n<h2 class=\"wp-block-heading\">Brasil lidera o uso de IA, mas ades\u00e3o di\u00e1ria ainda \u00e9 t\u00edmida<\/h2>\n\n\n\n<p>O levantamento da PwC mostra que os profissionais brasileiros s\u00e3o r\u00e1pidos em experimentar ferramentas de intelig\u00eancia artificial, superando a m\u00e9dia global em uso e impacto na produtividade. O pa\u00eds se consolida como um early adopter, com n\u00fameros expressivos de ado\u00e7\u00e3o nos \u00faltimos 12 meses.<\/p>\n\n\n\n<p>Apesar do entusiasmo inicial, a pesquisa Global Hopes and Fears 2025 revela que a utiliza\u00e7\u00e3o di\u00e1ria da IA ainda \u00e9 baixa. Apenas 26% dos profissionais brasileiros fazem uso constante dessas tecnologias, indicando que o interesse inicial nem sempre se traduz em aplica\u00e7\u00e3o cont\u00ednua no dia a dia de trabalho.<\/p>\n\n\n\n<p><\/p>\n","protected":false},"excerpt":{"rendered":"<p>Uma pesquisa recente da consultoria PwC revelou que o Brasil se destaca como um dos pa\u00edses que mais utilizam ferramentas de intelig\u00eancia artificial no mundo. O estudo confirma a voca\u00e7\u00e3o do pa\u00eds como um early adopter, mostrando que empresas e profissionais brasileiros est\u00e3o entre os mais r\u00e1pidos a adotar solu\u00e7\u00f5es de IA em compara\u00e7\u00e3o com [&hellip;]<\/p>\n","protected":false},"author":4,"featured_media":14450,"comment_status":"open","ping_status":"open","sticky":false,"template":"","format":"standard","meta":{"jnews-multi-image_gallery":[],"jnews_single_post":{"format":"standard"},"jnews_primary_category":[],"jnews_social_meta":[],"jnews_post_split":[],"footnotes":""},"categories":[1],"tags":[],"class_list":["post-14447","post","type-post","status-publish","format-standard","has-post-thumbnail","hentry","category-uncategorized"],"_links":{"self":[{"href":"https:\/\/diariodepernambuco.audiencelabs.com.br\/wp-json\/wp\/v2\/posts\/14447","targetHints":{"allow":["GET"]}}],"collection":[{"href":"https:\/\/diariodepernambuco.audiencelabs.com.br\/wp-json\/wp\/v2\/posts"}],"about":[{"href":"https:\/\/diariodepernambuco.audiencelabs.com.br\/wp-json\/wp\/v2\/types\/post"}],"author":[{"embeddable":true,"href":"https:\/\/diariodepernambuco.audiencelabs.com.br\/wp-json\/wp\/v2\/users\/4"}],"replies":[{"embeddable":true,"href":"https:\/\/diariodepernambuco.audiencelabs.com.br\/wp-json\/wp\/v2\/comments?post=14447"}],"version-history":[{"count":2,"href":"https:\/\/diariodepernambuco.audiencelabs.com.br\/wp-json\/wp\/v2\/posts\/14447\/revisions"}],"predecessor-version":[{"id":14452,"href":"https:\/\/diariodepernambuco.audiencelabs.com.br\/wp-json\/wp\/v2\/posts\/14447\/revisions\/14452"}],"wp:featuredmedia":[{"embeddable":true,"href":"https:\/\/diariodepernambuco.audiencelabs.com.br\/wp-json\/wp\/v2\/media\/14450"}],"wp:attachment":[{"href":"https:\/\/diariodepernambuco.audiencelabs.com.br\/wp-json\/wp\/v2\/media?parent=14447"}],"wp:term":[{"taxonomy":"category","embeddable":true,"href":"https:\/\/diariodepernambuco.audiencelabs.com.br\/wp-json\/wp\/v2\/categories?post=14447"},{"taxonomy":"post_tag","embeddable":true,"href":"https:\/\/diariodepernambuco.audiencelabs.com.br\/wp-json\/wp\/v2\/tags?post=14447"}],"curies":[{"name":"wp","href":"https:\/\/api.w.org\/{rel}","templated":true}]}}