{"id":14483,"date":"2026-01-22T18:30:00","date_gmt":"2026-01-22T21:30:00","guid":{"rendered":"https:\/\/diariodepernambuco.audiencelabs.com.br\/?p=14483"},"modified":"2026-01-21T12:21:12","modified_gmt":"2026-01-21T15:21:12","slug":"planta-caseira-se-move-sozinha-e-moradores-tem-medo-de-ter-em-casa","status":"publish","type":"post","link":"https:\/\/diariodepernambuco.audiencelabs.com.br\/planta-caseira-se-move-sozinha-e-moradores-tem-medo-de-ter-em-casa\/","title":{"rendered":"Planta se move &#8220;sozinha&#8221; e moradores t\u00eam medo de ter em casa"},"content":{"rendered":"\n<p>A barba-de-velho (Tillandsia usneoides) chama aten\u00e7\u00e3o n\u00e3o apenas pelo visual curioso, mas tamb\u00e9m pelo comportamento que parece desafiar a l\u00f3gica. Comumente vista pendurada em \u00e1rvores, cercas e fios, essa planta \u00e9 capaz de se deslocar sozinha pelo ambiente, movimento que ocorre gra\u00e7as \u00e0 a\u00e7\u00e3o do vento.<\/p>\n\n\n\n<p>Leve e sem ra\u00edzes no solo, ela utiliza as correntes de ar como aliadas para se espalhar e sobreviver, despertando curiosidade e fasc\u00ednio por onde passa. Ao contr\u00e1rio do que muitos imaginam, a barba-de-velho n\u00e3o \u00e9 uma planta parasita. Trata-se de uma esp\u00e9cie de brom\u00e9lia a\u00e9rea que n\u00e3o retira nutrientes da \u00e1rvore onde se apoia.<\/p>\n\n\n\n<p>Sua sobreviv\u00eancia depende da umidade do ar, da chuva e de part\u00edculas org\u00e2nicas presentes no ambiente, absorvidas diretamente por suas folhas finas e alongadas. O movimento que d\u00e1 a impress\u00e3o de que a planta \u201canda sozinha\u201d ocorre porque seus ramos s\u00e3o extremamente leves e flex\u00edveis.<\/p>\n\n\n\n<p>Quando o vento sopra com mais intensidade, a barba-de-velho pode se desprender parcialmente do local onde estava presa e ser levada para outro ponto, onde volta a se fixar naturalmente. Esse mecanismo \u00e9 uma estrat\u00e9gia eficiente de dispers\u00e3o, permitindo que a esp\u00e9cie colonize novos espa\u00e7os sem a necessidade de sementes ou interven\u00e7\u00e3o humana.<\/p>\n\n\n\n<h2 class=\"wp-block-heading\">Planta a\u00e9rea intriga pelo movimento e pela forma de sobreviv\u00eancia<\/h2>\n\n\n\n<p>A capacidade da barba-de-velho de se deslocar com a ajuda do vento desperta curiosidade e alimenta mitos populares. No entanto, o fen\u00f4meno \u00e9 resultado de uma adapta\u00e7\u00e3o natural que permite \u00e0 planta ocupar novos espa\u00e7os de maneira simples e eficiente.<\/p>\n\n\n\n<p>Al\u00e9m do movimento, a esp\u00e9cie chama aten\u00e7\u00e3o por n\u00e3o precisar de solo para viver. Sua resist\u00eancia e leveza fazem da barba-de-velho um exemplo curioso de como plantas a\u00e9reas utilizam o ambiente ao redor para crescer e se espalhar.<\/p>\n\n\n\n<p><\/p>\n","protected":false},"excerpt":{"rendered":"<p>A barba-de-velho (Tillandsia usneoides) chama aten\u00e7\u00e3o n\u00e3o apenas pelo visual curioso, mas tamb\u00e9m pelo comportamento que parece desafiar a l\u00f3gica. Comumente vista pendurada em \u00e1rvores, cercas e fios, essa planta \u00e9 capaz de se deslocar sozinha pelo ambiente, movimento que ocorre gra\u00e7as \u00e0 a\u00e7\u00e3o do vento. Leve e sem ra\u00edzes no solo, ela utiliza as [&hellip;]<\/p>\n","protected":false},"author":4,"featured_media":14486,"comment_status":"open","ping_status":"open","sticky":false,"template":"","format":"standard","meta":{"jnews-multi-image_gallery":[],"jnews_single_post":{"format":"standard"},"jnews_primary_category":[],"jnews_social_meta":[],"jnews_post_split":[],"footnotes":""},"categories":[1],"tags":[],"class_list":["post-14483","post","type-post","status-publish","format-standard","has-post-thumbnail","hentry","category-uncategorized"],"_links":{"self":[{"href":"https:\/\/diariodepernambuco.audiencelabs.com.br\/wp-json\/wp\/v2\/posts\/14483","targetHints":{"allow":["GET"]}}],"collection":[{"href":"https:\/\/diariodepernambuco.audiencelabs.com.br\/wp-json\/wp\/v2\/posts"}],"about":[{"href":"https:\/\/diariodepernambuco.audiencelabs.com.br\/wp-json\/wp\/v2\/types\/post"}],"author":[{"embeddable":true,"href":"https:\/\/diariodepernambuco.audiencelabs.com.br\/wp-json\/wp\/v2\/users\/4"}],"replies":[{"embeddable":true,"href":"https:\/\/diariodepernambuco.audiencelabs.com.br\/wp-json\/wp\/v2\/comments?post=14483"}],"version-history":[{"count":4,"href":"https:\/\/diariodepernambuco.audiencelabs.com.br\/wp-json\/wp\/v2\/posts\/14483\/revisions"}],"predecessor-version":[{"id":14524,"href":"https:\/\/diariodepernambuco.audiencelabs.com.br\/wp-json\/wp\/v2\/posts\/14483\/revisions\/14524"}],"wp:featuredmedia":[{"embeddable":true,"href":"https:\/\/diariodepernambuco.audiencelabs.com.br\/wp-json\/wp\/v2\/media\/14486"}],"wp:attachment":[{"href":"https:\/\/diariodepernambuco.audiencelabs.com.br\/wp-json\/wp\/v2\/media?parent=14483"}],"wp:term":[{"taxonomy":"category","embeddable":true,"href":"https:\/\/diariodepernambuco.audiencelabs.com.br\/wp-json\/wp\/v2\/categories?post=14483"},{"taxonomy":"post_tag","embeddable":true,"href":"https:\/\/diariodepernambuco.audiencelabs.com.br\/wp-json\/wp\/v2\/tags?post=14483"}],"curies":[{"name":"wp","href":"https:\/\/api.w.org\/{rel}","templated":true}]}}