{"id":14500,"date":"2026-01-25T08:00:00","date_gmt":"2026-01-25T11:00:00","guid":{"rendered":"https:\/\/diariodepernambuco.audiencelabs.com.br\/?p=14500"},"modified":"2026-01-21T11:40:56","modified_gmt":"2026-01-21T14:40:56","slug":"frio-fora-de-epoca-chegou-em-janeiro-de-2026-e-vai-continuar","status":"publish","type":"post","link":"https:\/\/diariodepernambuco.audiencelabs.com.br\/frio-fora-de-epoca-chegou-em-janeiro-de-2026-e-vai-continuar\/","title":{"rendered":"Frio fora de \u00e9poca chegou em janeiro de 2026 e vai continuar"},"content":{"rendered":"\n<p>Em pleno ver\u00e3o, um frio fora de \u00e9poca surpreendeu o Brasil em janeiro de 2026 e deve continuar ao longo desta semana, especialmente nas regi\u00f5es Centro-Sul do pa\u00eds. Uma massa de ar frio que avan\u00e7ou ainda no \u00faltimo fim de semana j\u00e1 provocou queda significativa nas temperaturas m\u00ednimas e deve manter o clima at\u00edpico.<\/p>\n\n\n\n<p>Existe a possibilidade de geadas em \u00e1reas mais elevadas e marcas at\u00e9 9 \u00b0C abaixo da m\u00e9dia para o m\u00eas em algumas localidades. As anomalias mais intensas est\u00e3o previstas no Sul, Sudeste e partes do Centro-Oeste, enquanto a combina\u00e7\u00e3o de ar frio e nebulosidade tamb\u00e9m influencia a sensa\u00e7\u00e3o t\u00e9rmica em cidades como S\u00e3o Paulo, Rio de Janeiro e Minas Gerais.<\/p>\n\n\n\n<p>De acordo com previs\u00f5es do Instituto Nacional de Meteorologia (INMET), o frio fora de \u00e9poca deve persistir ao longo da semana, com a passagem de sistemas frontais e massas de ar mais frias mantendo as temperaturas abaixo da m\u00e9dia em grande parte do Centro-Sul. No Sul do pa\u00eds, a primeira metade da semana segue com tempo mais seco e frio ap\u00f3s a chegada da frente fria.<\/p>\n\n\n\n<p>J\u00e1 no Sudeste, especialmente em partes de Minas Gerais, Rio de Janeiro e S\u00e3o Paulo, os term\u00f4metros devem registrar valores mais amenos do que o esperado para janeiro, com m\u00e1ximas inferiores ao normal devido \u00e0 combina\u00e7\u00e3o de vento frio, nebulosidade e chuva em algumas \u00e1reas.<\/p>\n\n\n\n<p>As previs\u00f5es tamb\u00e9m indicam que, apesar da tend\u00eancia de eleva\u00e7\u00e3o das temperaturas na segunda metade da semana em alguns pontos do Sul, o clima continuar\u00e1 inst\u00e1vel. Nas regi\u00f5es mais altas e sujeitas a incurs\u00f5es de ar polar, a sensa\u00e7\u00e3o de frio ainda deve se manter presente, refor\u00e7ando que o evento frio de ver\u00e3o \u00e9 um epis\u00f3dio at\u00edpico que est\u00e1 impactando o cotidiano.<\/p>\n\n\n\n<p><\/p>\n","protected":false},"excerpt":{"rendered":"<p>Em pleno ver\u00e3o, um frio fora de \u00e9poca surpreendeu o Brasil em janeiro de 2026 e deve continuar ao longo desta semana, especialmente nas regi\u00f5es Centro-Sul do pa\u00eds. Uma massa de ar frio que avan\u00e7ou ainda no \u00faltimo fim de semana j\u00e1 provocou queda significativa nas temperaturas m\u00ednimas e deve manter o clima at\u00edpico. Existe [&hellip;]<\/p>\n","protected":false},"author":4,"featured_media":14504,"comment_status":"open","ping_status":"open","sticky":false,"template":"","format":"standard","meta":{"jnews-multi-image_gallery":[],"jnews_single_post":{"format":"standard"},"jnews_primary_category":[],"jnews_social_meta":[],"jnews_post_split":[],"footnotes":""},"categories":[1],"tags":[],"class_list":["post-14500","post","type-post","status-publish","format-standard","has-post-thumbnail","hentry","category-uncategorized"],"_links":{"self":[{"href":"https:\/\/diariodepernambuco.audiencelabs.com.br\/wp-json\/wp\/v2\/posts\/14500","targetHints":{"allow":["GET"]}}],"collection":[{"href":"https:\/\/diariodepernambuco.audiencelabs.com.br\/wp-json\/wp\/v2\/posts"}],"about":[{"href":"https:\/\/diariodepernambuco.audiencelabs.com.br\/wp-json\/wp\/v2\/types\/post"}],"author":[{"embeddable":true,"href":"https:\/\/diariodepernambuco.audiencelabs.com.br\/wp-json\/wp\/v2\/users\/4"}],"replies":[{"embeddable":true,"href":"https:\/\/diariodepernambuco.audiencelabs.com.br\/wp-json\/wp\/v2\/comments?post=14500"}],"version-history":[{"count":2,"href":"https:\/\/diariodepernambuco.audiencelabs.com.br\/wp-json\/wp\/v2\/posts\/14500\/revisions"}],"predecessor-version":[{"id":14503,"href":"https:\/\/diariodepernambuco.audiencelabs.com.br\/wp-json\/wp\/v2\/posts\/14500\/revisions\/14503"}],"wp:featuredmedia":[{"embeddable":true,"href":"https:\/\/diariodepernambuco.audiencelabs.com.br\/wp-json\/wp\/v2\/media\/14504"}],"wp:attachment":[{"href":"https:\/\/diariodepernambuco.audiencelabs.com.br\/wp-json\/wp\/v2\/media?parent=14500"}],"wp:term":[{"taxonomy":"category","embeddable":true,"href":"https:\/\/diariodepernambuco.audiencelabs.com.br\/wp-json\/wp\/v2\/categories?post=14500"},{"taxonomy":"post_tag","embeddable":true,"href":"https:\/\/diariodepernambuco.audiencelabs.com.br\/wp-json\/wp\/v2\/tags?post=14500"}],"curies":[{"name":"wp","href":"https:\/\/api.w.org\/{rel}","templated":true}]}}