{"id":14518,"date":"2026-01-25T09:00:00","date_gmt":"2026-01-25T12:00:00","guid":{"rendered":"https:\/\/diariodepernambuco.audiencelabs.com.br\/?p=14518"},"modified":"2026-01-21T12:03:20","modified_gmt":"2026-01-21T15:03:20","slug":"posso-regularizar-um-imovel-no-cartorio-sem-escritura","status":"publish","type":"post","link":"https:\/\/diariodepernambuco.audiencelabs.com.br\/posso-regularizar-um-imovel-no-cartorio-sem-escritura\/","title":{"rendered":"Posso regularizar um im\u00f3vel no cart\u00f3rio sem escritura?"},"content":{"rendered":"\n<p>Viver em um im\u00f3vel sem escritura ainda \u00e9 uma realidade para milh\u00f5es de brasileiros. Em muitos desses casos, a propriedade j\u00e1 est\u00e1 quitada e ocupada h\u00e1 anos, mas nunca foi devidamente registrada em cart\u00f3rio. Geralmente, a irregularidade tem origem em contratos antigos, promessas de compra e venda ou no chamado \u201ccontrato de gaveta\u201d.<\/p>\n\n\n\n<p>At\u00e9 recentemente, resolver esse tipo de situa\u00e7\u00e3o quase sempre exigia recorrer \u00e0 Justi\u00e7a, enfrentando processos demorados e caros. Com mudan\u00e7as na legisla\u00e7\u00e3o e a amplia\u00e7\u00e3o de procedimentos extrajudiciais, por\u00e9m, passou a ser poss\u00edvel, em determinadas situa\u00e7\u00f5es, regularizar o im\u00f3vel diretamente em cart\u00f3rio, sem a necessidade de a\u00e7\u00e3o judicial.<\/p>\n\n\n\n<p>A principal alternativa nesses casos \u00e9 a usucapi\u00e3o extrajudicial, um procedimento realizado em cart\u00f3rio que permite o reconhecimento da propriedade quando o im\u00f3vel \u00e9 ocupado de forma cont\u00ednua, pac\u00edfica e com inten\u00e7\u00e3o de dono, pelo per\u00edodo exigido em lei. Para isso, \u00e9 necess\u00e1rio reunir documentos que comprovem a posse, como contratos, recibos e contas de consumo.<\/p>\n\n\n\n<p>Outra possibilidade \u00e9 a regulariza\u00e7\u00e3o por meio da adjudica\u00e7\u00e3o compuls\u00f3ria extrajudicial, aplic\u00e1vel quando o im\u00f3vel foi totalmente pago, mas o vendedor n\u00e3o formalizou a escritura. Nessa situa\u00e7\u00e3o, o comprador pode solicitar diretamente no cart\u00f3rio a transfer\u00eancia da propriedade, desde que comprove o pagamento integral e a exist\u00eancia de um contrato v\u00e1lido.<\/p>\n\n\n\n<p>Em ambos os casos, o procedimento exige an\u00e1lise do cart\u00f3rio de registro de im\u00f3veis e, normalmente, a participa\u00e7\u00e3o de um advogado ou tabeli\u00e3o para garantir que todos os requisitos legais sejam cumpridos.<\/p>\n\n\n\n<h2 class=\"wp-block-heading\">Quando a regulariza\u00e7\u00e3o pode ser feita sem recorrer \u00e0 Justi\u00e7a<\/h2>\n\n\n\n<p>A possibilidade de regularizar um im\u00f3vel diretamente em cart\u00f3rio representa um avan\u00e7o para quem busca seguran\u00e7a jur\u00eddica sem enfrentar longos processos judiciais. Esse caminho costuma ser mais r\u00e1pido, menos oneroso e permite que o propriet\u00e1rio passe a exercer plenamente seus direitos sobre o bem, como vender, financiar ou transferir a propriedade.<\/p>\n\n\n\n<p>Apesar das facilidades, nem todas as situa\u00e7\u00f5es se enquadram nesse modelo. O enquadramento depende de fatores como tempo de posse, aus\u00eancia de disputas, documenta\u00e7\u00e3o existente e a situa\u00e7\u00e3o do im\u00f3vel no registro. Por isso, a an\u00e1lise t\u00e9cnica e a orienta\u00e7\u00e3o profissional s\u00e3o essenciais para definir se a regulariza\u00e7\u00e3o extrajudicial \u00e9 vi\u00e1vel.<\/p>\n\n\n\n<p><\/p>\n","protected":false},"excerpt":{"rendered":"<p>Viver em um im\u00f3vel sem escritura ainda \u00e9 uma realidade para milh\u00f5es de brasileiros. Em muitos desses casos, a propriedade j\u00e1 est\u00e1 quitada e ocupada h\u00e1 anos, mas nunca foi devidamente registrada em cart\u00f3rio. Geralmente, a irregularidade tem origem em contratos antigos, promessas de compra e venda ou no chamado \u201ccontrato de gaveta\u201d. At\u00e9 recentemente, [&hellip;]<\/p>\n","protected":false},"author":4,"featured_media":14521,"comment_status":"open","ping_status":"open","sticky":false,"template":"","format":"standard","meta":{"jnews-multi-image_gallery":[],"jnews_single_post":{"format":"standard"},"jnews_primary_category":[],"jnews_social_meta":[],"jnews_post_split":[],"footnotes":""},"categories":[1],"tags":[],"class_list":["post-14518","post","type-post","status-publish","format-standard","has-post-thumbnail","hentry","category-uncategorized"],"_links":{"self":[{"href":"https:\/\/diariodepernambuco.audiencelabs.com.br\/wp-json\/wp\/v2\/posts\/14518","targetHints":{"allow":["GET"]}}],"collection":[{"href":"https:\/\/diariodepernambuco.audiencelabs.com.br\/wp-json\/wp\/v2\/posts"}],"about":[{"href":"https:\/\/diariodepernambuco.audiencelabs.com.br\/wp-json\/wp\/v2\/types\/post"}],"author":[{"embeddable":true,"href":"https:\/\/diariodepernambuco.audiencelabs.com.br\/wp-json\/wp\/v2\/users\/4"}],"replies":[{"embeddable":true,"href":"https:\/\/diariodepernambuco.audiencelabs.com.br\/wp-json\/wp\/v2\/comments?post=14518"}],"version-history":[{"count":2,"href":"https:\/\/diariodepernambuco.audiencelabs.com.br\/wp-json\/wp\/v2\/posts\/14518\/revisions"}],"predecessor-version":[{"id":14523,"href":"https:\/\/diariodepernambuco.audiencelabs.com.br\/wp-json\/wp\/v2\/posts\/14518\/revisions\/14523"}],"wp:featuredmedia":[{"embeddable":true,"href":"https:\/\/diariodepernambuco.audiencelabs.com.br\/wp-json\/wp\/v2\/media\/14521"}],"wp:attachment":[{"href":"https:\/\/diariodepernambuco.audiencelabs.com.br\/wp-json\/wp\/v2\/media?parent=14518"}],"wp:term":[{"taxonomy":"category","embeddable":true,"href":"https:\/\/diariodepernambuco.audiencelabs.com.br\/wp-json\/wp\/v2\/categories?post=14518"},{"taxonomy":"post_tag","embeddable":true,"href":"https:\/\/diariodepernambuco.audiencelabs.com.br\/wp-json\/wp\/v2\/tags?post=14518"}],"curies":[{"name":"wp","href":"https:\/\/api.w.org\/{rel}","templated":true}]}}