{"id":14533,"date":"2026-01-21T13:33:37","date_gmt":"2026-01-21T16:33:37","guid":{"rendered":"https:\/\/diariodepernambuco.audiencelabs.com.br\/?p=14533"},"modified":"2026-01-21T13:33:39","modified_gmt":"2026-01-21T16:33:39","slug":"explosao-solar-causou-consequencias-intensas-ao-planeta-terra","status":"publish","type":"post","link":"https:\/\/diariodepernambuco.audiencelabs.com.br\/explosao-solar-causou-consequencias-intensas-ao-planeta-terra\/","title":{"rendered":"Explos\u00e3o solar causou consequ\u00eancias intensas ao Planeta Terra"},"content":{"rendered":"\n<p>Nesta segunda-feira (19), autoridades e ag\u00eancias espaciais entraram em est\u00e1gio de alerta por conta dos efeitos que <strong>uma poderosa explos\u00e3o solar<\/strong>, ocorrida no \u00faltimo final de semana, causou \u00e0 Terra.<\/p>\n\n\n\n<p>De acordo com o que foi divulgado, o fen\u00f4meno n\u00e3o apenas foi uma das explos\u00f5es mais fortes que o Sol pode produzir, como ainda desencadeou uma tempestade de radia\u00e7\u00e3o, classificada por cientistas como &#8220;severa&#8221;, que<strong> afetou sistemas tecnol\u00f3gicos<\/strong>.<\/p>\n\n\n\n<p>Em suma, o evento projetou uma gigantesca nuvem de part\u00edculas eletricamente carregadas em dire\u00e7\u00e3o \u00e0 Terra, que atingiu o campo magn\u00e9tico protetor do planeta e causou impactos distintos em variadas regi\u00f5es.<\/p>\n\n\n\n<p>Vale destacar que a situa\u00e7\u00e3o foi preocupante que at\u00e9 mesmo a Esta\u00e7\u00e3o Espacial Internacional, que no momento opera com apenas tr\u00eas tripulantes e est\u00e1 a cerca de 400 km de altitude da Terra,<strong> entrou em estado de alerta<\/strong>, j\u00e1 que a radia\u00e7\u00e3o da explos\u00e3o tamb\u00e9m pode afet\u00e1-la.<\/p>\n\n\n\n<p>Especialistas destacaram ainda que o fen\u00f4meno ultrapassou a intensidade de tempestades semelhantes monitoradas desde 2003, o que o caracteriza como o evento mais intenso do tipo registrado em mais de duas d\u00e9cadas.<\/p>\n\n\n\n<h2 class=\"wp-block-heading\">Impactos da explos\u00e3o solar na Terra<\/h2>\n\n\n\n<p>Conforme mencionado anteriormente, a explos\u00e3o solar n\u00e3o s\u00f3 atingiu diversas partes do planeta, como tamb\u00e9m desencadeou impactos variados, que se manifestaram <strong>com diferentes n\u00edveis de intensidade<\/strong>.<\/p>\n\n\n\n<p>Autoridades especializadas detectaram<strong> falhas em comunica\u00e7\u00f5es de r\u00e1dio de longa dist\u00e2ncia<\/strong> e at\u00e9 mesmo <strong>poss\u00edveis instabilidades em sistemas de GPS<\/strong>, que impactaram principalmente voos em rotas pr\u00f3ximas aos polos e opera\u00e7\u00f5es com drones.<\/p>\n\n\n\n<p>J\u00e1 no Canad\u00e1 e em diversas partes da Europa e do hemisf\u00e9rio sul, foi poss\u00edvel presenciar as chamadas<strong> auroras<\/strong>, que se assemelham a cortinas de luz coloridas que iluminam os c\u00e9us. Sua apari\u00e7\u00e3o foi influenciada pelos efeitos que a explos\u00e3o solar causou no campo magn\u00e9tico terrestre.<\/p>\n\n\n\n<p>Embora novas explos\u00f5es n\u00e3o tenham sido relatadas, a situa\u00e7\u00e3o segue sob monitoramento constante. Ainda mais considerando que a tempestade resultante pode continuar causando impactos na Terra.<\/p>\n","protected":false},"excerpt":{"rendered":"<p>Nesta segunda-feira (19), autoridades e ag\u00eancias espaciais entraram em est\u00e1gio de alerta por conta dos efeitos que uma poderosa explos\u00e3o solar, ocorrida no \u00faltimo final de semana, causou \u00e0 Terra. De acordo com o que foi divulgado, o fen\u00f4meno n\u00e3o apenas foi uma das explos\u00f5es mais fortes que o Sol pode produzir, como ainda desencadeou [&hellip;]<\/p>\n","protected":false},"author":15,"featured_media":14534,"comment_status":"open","ping_status":"open","sticky":false,"template":"","format":"standard","meta":{"jnews-multi-image_gallery":[],"jnews_single_post":{"format":"standard"},"jnews_primary_category":[],"jnews_social_meta":[],"jnews_post_split":[],"footnotes":""},"categories":[1],"tags":[],"class_list":["post-14533","post","type-post","status-publish","format-standard","has-post-thumbnail","hentry","category-uncategorized"],"_links":{"self":[{"href":"https:\/\/diariodepernambuco.audiencelabs.com.br\/wp-json\/wp\/v2\/posts\/14533","targetHints":{"allow":["GET"]}}],"collection":[{"href":"https:\/\/diariodepernambuco.audiencelabs.com.br\/wp-json\/wp\/v2\/posts"}],"about":[{"href":"https:\/\/diariodepernambuco.audiencelabs.com.br\/wp-json\/wp\/v2\/types\/post"}],"author":[{"embeddable":true,"href":"https:\/\/diariodepernambuco.audiencelabs.com.br\/wp-json\/wp\/v2\/users\/15"}],"replies":[{"embeddable":true,"href":"https:\/\/diariodepernambuco.audiencelabs.com.br\/wp-json\/wp\/v2\/comments?post=14533"}],"version-history":[{"count":1,"href":"https:\/\/diariodepernambuco.audiencelabs.com.br\/wp-json\/wp\/v2\/posts\/14533\/revisions"}],"predecessor-version":[{"id":14535,"href":"https:\/\/diariodepernambuco.audiencelabs.com.br\/wp-json\/wp\/v2\/posts\/14533\/revisions\/14535"}],"wp:featuredmedia":[{"embeddable":true,"href":"https:\/\/diariodepernambuco.audiencelabs.com.br\/wp-json\/wp\/v2\/media\/14534"}],"wp:attachment":[{"href":"https:\/\/diariodepernambuco.audiencelabs.com.br\/wp-json\/wp\/v2\/media?parent=14533"}],"wp:term":[{"taxonomy":"category","embeddable":true,"href":"https:\/\/diariodepernambuco.audiencelabs.com.br\/wp-json\/wp\/v2\/categories?post=14533"},{"taxonomy":"post_tag","embeddable":true,"href":"https:\/\/diariodepernambuco.audiencelabs.com.br\/wp-json\/wp\/v2\/tags?post=14533"}],"curies":[{"name":"wp","href":"https:\/\/api.w.org\/{rel}","templated":true}]}}