{"id":14566,"date":"2026-01-25T13:25:00","date_gmt":"2026-01-25T16:25:00","guid":{"rendered":"https:\/\/diariodepernambuco.audiencelabs.com.br\/?p=14566"},"modified":"2026-01-24T19:13:30","modified_gmt":"2026-01-24T22:13:30","slug":"documento-de-identidade-nao-vai-mais-ser-aceito-no-brasil-se-estiver-nestes-moldes","status":"publish","type":"post","link":"https:\/\/diariodepernambuco.audiencelabs.com.br\/documento-de-identidade-nao-vai-mais-ser-aceito-no-brasil-se-estiver-nestes-moldes\/","title":{"rendered":"Documento de Identidade n\u00e3o vai mais ser aceito no Brasil se estiver nestes moldes"},"content":{"rendered":"\n<p>O <strong>Registro Geral (RG)<\/strong> surgiu pela primeira vez em 1907 e, desde ent\u00e3o, veio sendo utilizado como principal documento de identifica\u00e7\u00e3o do Brasil. Entretanto, mais de um s\u00e9culo depois, a credencial pode acabar caindo em desuso por perder sua validade definitivamente.<\/p>\n\n\n\n<p>Isso porque, em fevereiro de 2022, o governo confirmou que o RG ser\u00e1 substitu\u00eddo pela\u00a0<strong>Carteira de Identidade Nacional (CIN)<\/strong>, um novo documento que utiliza o n\u00famero do CPF como identificador \u00fanico e unifica diversas informa\u00e7\u00f5es do titular.<\/p>\n\n\n\n<p>No ato da solicita\u00e7\u00e3o do novo documento, os cidad\u00e3os poder\u00e3o apresentar dados como o T\u00edtulo de Eleitor, Carteira de Trabalho (CTPS), Carteira Nacional de Habilita\u00e7\u00e3o (CNH), Certificado Militar e diversos outros para que sejam inclu\u00eddos ao CIN.<\/p>\n\n\n\n<p>Al\u00e9m disso, a nova identidade ainda conta com <strong>caracter\u00edsticas de seguran\u00e7a sofisticadas <\/strong>para proteger os dados do titular, prevenindo fraudes documentais. S\u00e3o elas:<\/p>\n\n\n\n<ul class=\"wp-block-list\">\n<li>QR code que cont\u00e9m dados biom\u00e9tricos e informa\u00e7\u00f5es cadastrais que podem ser verificadas atrav\u00e9s de sistemas do governo federal;<\/li>\n\n\n\n<li>Impress\u00e3o com tecnologia de \u00faltima gera\u00e7\u00e3o que cria elementos gr\u00e1ficos que n\u00e3o podem ser reproduzidos por equipamentos convencionais;<\/li>\n\n\n\n<li>Vers\u00e3o digital dispon\u00edvel atrav\u00e9s do aplicativo Gov.br;<\/li>\n\n\n\n<li>Numera\u00e7\u00e3o \u00fanica vinculada exclusivamente ao CPF, mantendo-se inalterada mesmo no caso de atualiza\u00e7\u00f5es ou emiss\u00f5es de segunda via.<\/li>\n<\/ul>\n\n\n\n<p>Conforme estabelecido pelo Decreto n\u00ba 10.977\/2022, o antigo RG ainda permanecer\u00e1 v\u00e1lido at\u00e9 meados de 2032. Caso o documento n\u00e3o seja substitu\u00eddo at\u00e9 a data, o cidad\u00e3o pode ficar impedido de realizar diversas a\u00e7\u00f5es que exigem a apresenta\u00e7\u00e3o de um documento de identidade.<\/p>\n\n\n\n<h2 class=\"wp-block-heading\">Como emitir o novo documento de identidade?<\/h2>\n\n\n\n<p>Apesar de ser a substituta oficial do antigo RG, a CIN segue um procedimento de solicita\u00e7\u00e3o semelhante, que se inicia com o agendamento de uma visita aos \u00f3rg\u00e3os de identifica\u00e7\u00e3o estaduais para dar entrada no pedido de emiss\u00e3o.<\/p>\n\n\n\n<p>Na data marcada, \u00e9 necess\u00e1rio apresentar o <strong>CPF, certid\u00e3o de nascimento ou casamento<\/strong> e, em alguns casos, <strong>um comprovante de resid\u00eancia<\/strong>, al\u00e9m dos demais documentos que ser\u00e3o adicionados \u00e0 nova carteira de identidade.<\/p>\n\n\n\n<p>O prazo de emiss\u00e3o da CIN varia de acordo com cada estado, \u00a0mas geralmente fica entre\u00a0<strong>15 a 40 dias \u00fateis<\/strong>. E vale lembrar que, ap\u00f3s a libera\u00e7\u00e3o da vers\u00e3o f\u00edsica, os cidad\u00e3os tamb\u00e9m poder\u00e3o acessar o documento digitalmente de forma imediata.<\/p>\n","protected":false},"excerpt":{"rendered":"<p>O Registro Geral (RG) surgiu pela primeira vez em 1907 e, desde ent\u00e3o, veio sendo utilizado como principal documento de identifica\u00e7\u00e3o do Brasil. Entretanto, mais de um s\u00e9culo depois, a credencial pode acabar caindo em desuso por perder sua validade definitivamente. Isso porque, em fevereiro de 2022, o governo confirmou que o RG ser\u00e1 substitu\u00eddo [&hellip;]<\/p>\n","protected":false},"author":15,"featured_media":14567,"comment_status":"open","ping_status":"open","sticky":false,"template":"","format":"standard","meta":{"jnews-multi-image_gallery":[],"jnews_single_post":{"format":"standard"},"jnews_primary_category":[],"jnews_social_meta":[],"jnews_post_split":[],"footnotes":""},"categories":[1],"tags":[],"class_list":["post-14566","post","type-post","status-publish","format-standard","has-post-thumbnail","hentry","category-uncategorized"],"_links":{"self":[{"href":"https:\/\/diariodepernambuco.audiencelabs.com.br\/wp-json\/wp\/v2\/posts\/14566","targetHints":{"allow":["GET"]}}],"collection":[{"href":"https:\/\/diariodepernambuco.audiencelabs.com.br\/wp-json\/wp\/v2\/posts"}],"about":[{"href":"https:\/\/diariodepernambuco.audiencelabs.com.br\/wp-json\/wp\/v2\/types\/post"}],"author":[{"embeddable":true,"href":"https:\/\/diariodepernambuco.audiencelabs.com.br\/wp-json\/wp\/v2\/users\/15"}],"replies":[{"embeddable":true,"href":"https:\/\/diariodepernambuco.audiencelabs.com.br\/wp-json\/wp\/v2\/comments?post=14566"}],"version-history":[{"count":1,"href":"https:\/\/diariodepernambuco.audiencelabs.com.br\/wp-json\/wp\/v2\/posts\/14566\/revisions"}],"predecessor-version":[{"id":14568,"href":"https:\/\/diariodepernambuco.audiencelabs.com.br\/wp-json\/wp\/v2\/posts\/14566\/revisions\/14568"}],"wp:featuredmedia":[{"embeddable":true,"href":"https:\/\/diariodepernambuco.audiencelabs.com.br\/wp-json\/wp\/v2\/media\/14567"}],"wp:attachment":[{"href":"https:\/\/diariodepernambuco.audiencelabs.com.br\/wp-json\/wp\/v2\/media?parent=14566"}],"wp:term":[{"taxonomy":"category","embeddable":true,"href":"https:\/\/diariodepernambuco.audiencelabs.com.br\/wp-json\/wp\/v2\/categories?post=14566"},{"taxonomy":"post_tag","embeddable":true,"href":"https:\/\/diariodepernambuco.audiencelabs.com.br\/wp-json\/wp\/v2\/tags?post=14566"}],"curies":[{"name":"wp","href":"https:\/\/api.w.org\/{rel}","templated":true}]}}