{"id":14622,"date":"2026-01-22T12:00:00","date_gmt":"2026-01-22T15:00:00","guid":{"rendered":"https:\/\/diariodepernambuco.audiencelabs.com.br\/?p=14622"},"modified":"2026-01-22T10:09:36","modified_gmt":"2026-01-22T13:09:36","slug":"lucas-paqueta-ja-assinou-para-jogar-no-flamengo-e-defender-as-cores-do-clube-do-coracao","status":"publish","type":"post","link":"https:\/\/diariodepernambuco.audiencelabs.com.br\/lucas-paqueta-ja-assinou-para-jogar-no-flamengo-e-defender-as-cores-do-clube-do-coracao\/","title":{"rendered":"Lucas Paquet\u00e1 j\u00e1 assinou para jogar no Flamengo e defender as cores do clube do cora\u00e7\u00e3o"},"content":{"rendered":"\n<p>Em meio \u00e0s especula\u00e7\u00f5es sobre um poss\u00edvel retorno de Lucas Paquet\u00e1 ao Flamengo nesta temporada, o Mem\u00f3rias do Di\u00e1rio desta edi\u00e7\u00e3o relembra que o meia j\u00e1 teve um v\u00ednculo contratual com o Rubro-Negro em outra oportunidade. Na \u00e9poca, Paquet\u00e1 dava os primeiros passos como profissional e rapidamente conquistou a torcida, formando uma parceria de destaque com o amigo Vinicius Jr.<\/p>\n\n\n\n<p>Revelado nas categorias de base do Flamengo, Paquet\u00e1 estreou como profissional em 2016 e logo conquistou espa\u00e7o no elenco principal. Com personalidade, t\u00e9cnica apurada e grande identifica\u00e7\u00e3o com a torcida, o meia se tornou pe\u00e7a-chave do time, assumindo papel de destaque especialmente nas temporadas seguintes.<\/p>\n\n\n\n<p>Sua melhor fase no Flamengo aconteceu em 2018, quando Lucas Paquet\u00e1 assumiu papel de lideran\u00e7a em campo e ajudou o clube a conquistar o Campeonato Carioca. As atua\u00e7\u00f5es de destaque no Maracan\u00e3 chamaram a aten\u00e7\u00e3o do futebol europeu, resultando em sua transfer\u00eancia para o Milan no in\u00edcio de 2019 e encerrando sua primeira passagem pelo Rubro-Negro.<\/p>\n\n\n\n<p>Apesar disso, o v\u00ednculo com a torcida permaneceu forte. Ap\u00f3s o Milan, Paquet\u00e1 atuou pelo Lyon antes de chegar ao West Ham, seu atual clube. Desde a sa\u00edda em 2018, o meia sempre deixou claro o desejo de retornar ao Flamengo, considerando sua volta apenas uma quest\u00e3o de tempo.<\/p>\n\n\n\n<h2 class=\"wp-block-heading\">Dirigente falou sobre negocia\u00e7\u00e3o por Paquet\u00e1<\/h2>\n\n\n\n<p>A negocia\u00e7\u00e3o para o retorno de Lucas Paquet\u00e1 ao Flamengo segue em andamento e, segundo o diretor de futebol Jos\u00e9 Boto, exige paci\u00eancia. Em entrevista nesta quarta-feira, antes do cl\u00e1ssico contra o Vasco pelo Carioca, o dirigente afirmou que houve avan\u00e7os, mas ainda persiste um entrave financeiro com o West Ham.<\/p>\n\n\n\n<p>&#8220;Primeira e \u00faltima vez que vou falar sobre o Paquet\u00e1. \u00c9 sabido, n\u00e3o vamos esconder, que n\u00f3s queremos muito ter o Paquet\u00e1, e ele quer muito vir. Mas em todas as negocia\u00e7\u00f5es h\u00e1 uma terceira parte, e ela n\u00e3o est\u00e1 muito convencida de vender o Paquet\u00e1. Temos tido avan\u00e7os significativos, embora \u00e9 uma negocia\u00e7\u00e3o muito dif\u00edcil, de jogadores com patamar muito grande&#8221;, disse.<\/p>\n\n\n\n<p><\/p>\n","protected":false},"excerpt":{"rendered":"<p>Em meio \u00e0s especula\u00e7\u00f5es sobre um poss\u00edvel retorno de Lucas Paquet\u00e1 ao Flamengo nesta temporada, o Mem\u00f3rias do Di\u00e1rio desta edi\u00e7\u00e3o relembra que o meia j\u00e1 teve um v\u00ednculo contratual com o Rubro-Negro em outra oportunidade. Na \u00e9poca, Paquet\u00e1 dava os primeiros passos como profissional e rapidamente conquistou a torcida, formando uma parceria de destaque [&hellip;]<\/p>\n","protected":false},"author":4,"featured_media":14624,"comment_status":"open","ping_status":"open","sticky":false,"template":"","format":"standard","meta":{"jnews-multi-image_gallery":[],"jnews_single_post":{"format":"standard"},"jnews_primary_category":[],"jnews_social_meta":[],"jnews_post_split":[],"footnotes":""},"categories":[1],"tags":[],"class_list":["post-14622","post","type-post","status-publish","format-standard","has-post-thumbnail","hentry","category-uncategorized"],"_links":{"self":[{"href":"https:\/\/diariodepernambuco.audiencelabs.com.br\/wp-json\/wp\/v2\/posts\/14622","targetHints":{"allow":["GET"]}}],"collection":[{"href":"https:\/\/diariodepernambuco.audiencelabs.com.br\/wp-json\/wp\/v2\/posts"}],"about":[{"href":"https:\/\/diariodepernambuco.audiencelabs.com.br\/wp-json\/wp\/v2\/types\/post"}],"author":[{"embeddable":true,"href":"https:\/\/diariodepernambuco.audiencelabs.com.br\/wp-json\/wp\/v2\/users\/4"}],"replies":[{"embeddable":true,"href":"https:\/\/diariodepernambuco.audiencelabs.com.br\/wp-json\/wp\/v2\/comments?post=14622"}],"version-history":[{"count":2,"href":"https:\/\/diariodepernambuco.audiencelabs.com.br\/wp-json\/wp\/v2\/posts\/14622\/revisions"}],"predecessor-version":[{"id":14628,"href":"https:\/\/diariodepernambuco.audiencelabs.com.br\/wp-json\/wp\/v2\/posts\/14622\/revisions\/14628"}],"wp:featuredmedia":[{"embeddable":true,"href":"https:\/\/diariodepernambuco.audiencelabs.com.br\/wp-json\/wp\/v2\/media\/14624"}],"wp:attachment":[{"href":"https:\/\/diariodepernambuco.audiencelabs.com.br\/wp-json\/wp\/v2\/media?parent=14622"}],"wp:term":[{"taxonomy":"category","embeddable":true,"href":"https:\/\/diariodepernambuco.audiencelabs.com.br\/wp-json\/wp\/v2\/categories?post=14622"},{"taxonomy":"post_tag","embeddable":true,"href":"https:\/\/diariodepernambuco.audiencelabs.com.br\/wp-json\/wp\/v2\/tags?post=14622"}],"curies":[{"name":"wp","href":"https:\/\/api.w.org\/{rel}","templated":true}]}}