{"id":14633,"date":"2026-01-22T14:00:00","date_gmt":"2026-01-22T17:00:00","guid":{"rendered":"https:\/\/diariodepernambuco.audiencelabs.com.br\/?p=14633"},"modified":"2026-01-22T18:20:25","modified_gmt":"2026-01-22T21:20:25","slug":"enquanto-magazine-luiza-ganha-r-56-bilhoes-por-ano-dono-da-havan-tem-lucro-liquido-assustador","status":"publish","type":"post","link":"https:\/\/diariodepernambuco.audiencelabs.com.br\/enquanto-magazine-luiza-ganha-r-56-bilhoes-por-ano-dono-da-havan-tem-lucro-liquido-assustador\/","title":{"rendered":"Enquanto Magazine Luiza ganha R$ 56 bilh\u00f5es por ano, dono da Havan tem lucro l\u00edquido assustador"},"content":{"rendered":"\n<p>Enquanto o Magazine Luiza fechou o ano de 2021 com um faturamento de R$ 56 bilh\u00f5es e lucro l\u00edquido de R$ 590 milh\u00f5es, resultado que refletiu sua expans\u00e3o no e-commerce e em novos neg\u00f3cios, outra gigante do varejo brasileiro tem figurado de maneira ainda mais robusta nos n\u00fameros recentes.<\/p>\n\n\n\n<h2 class=\"wp-block-heading\">Lucro Havan<\/h2>\n\n\n\n<p>Em 2024, o Grupo Havan, comandado pelo empres\u00e1rio Luciano Hang, registrou um lucro l\u00edquido recorde de R$ 2,69 bilh\u00f5es, um salto de mais de 80% em rela\u00e7\u00e3o ao ano anterior, destacando a escalada de rentabilidade da rede em meio ao mercado nacional. Os n\u00fameros ajudam a dimensionar a diferen\u00e7a entre faturamento e lucro no varejo brasileiro.<\/p>\n\n\n\n<p>No caso do Magazine Luiza, apesar da receita bilion\u00e1ria registrada em 2021, o lucro l\u00edquido representou uma parcela bem menor do total movimentado, refletindo altos custos operacionais, investimentos em log\u00edstica, tecnologia e expans\u00e3o da plataforma digital. \u00c0 \u00e9poca, a empresa destacava o cen\u00e1rio de juros elevados e a desacelera\u00e7\u00e3o do consumo como fatores de press\u00e3o sobre as margens.<\/p>\n\n\n\n<p>J\u00e1 a Havan apresentou um desempenho distinto em 2024. Segundo dados divulgados em dezembro daquele ano, o grupo comandado por Luciano Hang alcan\u00e7ou lucro l\u00edquido recorde de R$ 2,7 bilh\u00f5es, impulsionado pelo crescimento das vendas, controle de despesas e expans\u00e3o do n\u00famero de lojas f\u00edsicas. O resultado chamou aten\u00e7\u00e3o por superar, em lucro, empresas com faturamento anual muito superior.<\/p>\n\n\n\n<h2 class=\"wp-block-heading\">Faturamento alto n\u00e3o garante lucro elevado<\/h2>\n\n\n<style>@media (min-width: 992px) {\n    .recomendadorV2Area1 {\n        width: 280px;\n    }\n    .recomendadorV2Area2 {\n        padding: 0px 20px;\n        width: calc(100% - 280px);\n    }\n}\n\n@media (max-width: 992px) {\n    .recomendadorV2Button {\n        margin: 0 auto;\n    }\n    .recomendadorV2Area {\n        flex-direction: column;\n        text-align: center;\n    }\n    .recomendadorV2Area2 {\n        padding: 0px 20px;\n    }\n}\n\n.recomendadorV2Area {\n    background: #eeeeee3d;\n    border-radius: 10px;\n    padding: 15px;\n    display: flex;\n    margin: 15px auto;\n    border: 1px solid #00000014;\n    max-width: 800px;\n}\n\n.recomendadorV2Area1 img {\n    width: 280px;\n    height: auto;\n    border-radius: 8px;\n}\n\n.linkrecomendadorv2 {\n    text-decoration: none !important;\n}\n\n.recomendadorV2Area2 .recomendadorV2Type {\n    text-transform: uppercase;\n    font-weight: 500;\n    font-size: 11px;\n    letter-spacing: 2px;\n    color: #666;\n    margin: 12px 0;\n    display: block;\n}\n\n.recomendadorV2Title h2 {\n    padding-top: 0px !important;\n    margin: 0px !important;\n    border-left: none !important;\n    padding-left: 0px !important;\n    line-height: 1.3;\n    color: #000 !important;\n    font-size: 24px;\n    margin-bottom: 12px !important;\n}\n\n.recomendadorV2Desc {\n    color: #333;\n    margin: 12px 0px !important;\n    font-size: 15px;\n    line-height: 1.5;\n}\n\n.recomendadorV2Button {\n    width: auto;\n    max-width: 200px;\n    margin: 0;\n    display: inline-flex;\n    align-items: center;\n    background: #1D3557;\n    border-radius: 8px;\n    color: #fff;\n    height: 36px;\n    justify-content: center;\n    text-align: center;\n    font-size: 14px;\n    padding: 0 20px;\n    transition: background-color 0.2s ease;\n}\n\n.recomendadorV2Button:hover {\n    background: #2a4d7a;\n}\n\n.recomendadorV2Button:after {\n    margin-top: -2px;\n    content: \"\u2192\";\n    padding: 0px 0px 0px 8px;\n}\n\n.recomendadorV2Alert {\n    text-align: left;\n    font-size: 11px;\n    margin-top: 8px;\n    color: #666;\n}\n\n.recomendadorFixedArea {\n    width: 100%;\n    display: flex;\n    justify-content: center;\n    align-items: center;\n}\n\n@media (min-width: 992px) {\n    #recomendadorFixed {\n        width: 32% !important;\n        left: 5%;\n    }\n    .recomendadorCloseFixed{\n        right: inherit !important;\n        left: 378px !important;\n    }\n}\n\n#recomendadorFixed {\n    width: 90%;\n    box-shadow: 0 10px 20px 0px #00000057;\n    display: none;\n    height: 90px;\n    background: #F6F6F6;\n    position: fixed;\n    flex-direction: row;\n    bottom: 10px;\n    z-index: 9999;\n    border-radius: 16px;\n    padding: 7px 10px;\n}\n\n.recomendadorLeftArea {\n    width: 160px;\n}\n\n.recomendadorRightArea h2 {\n    padding-top: 0px;\n    margin: 2px 0px 4px 0px !important;\n    font-weight: 400;\n    text-align: center;\n    padding-left: 0px !important;\n    color: #000 !important;\n    border-left: none !important;\n    line-height: 20px;\n    font-size: 12px !important;\n}\n\n.recomendadorImgFixed {\n    overflow: hidden;\n    padding: 8px 6px;\n    height: 100%;\n}\n\n.recomendadorImgFixed img {\n    height: 100% !important;\n    border-radius: 16px;\n}\n\n.recomendadorRightArea {\n    padding-top: 6px;\n    display: flex;\n    width: calc(100% - 130px);\n    justify-content: space-between;\n    align-items: center;\n    flex-direction: column;\n}\n\n.recomendadorButtonFixed {\n    margin: 0 auto;\n    background: #1D3557;\n    width: 80%;\n    text-align: center;\n    font-size: 10px;\n    color: #FFF;\n    padding: 2px 10px;\n    border-radius: 3px;\n}\n\n.recomendadorButtonFixed:after {\n    margin-top: -3px;\n    content: \"\u2192\";\n    padding: 0px 0px 0px 10px;\n}\n\n.recomendadorAlertFixed {\n    font-weight: 400;\n    text-align: center;\n    color: #484848;\n    font-size: 8px;\n}\n\n.recomendadorCloseFixed {\n    z-index: 99999;\n    display: none;\n    right: 0px;\n    left: inherit;\n    bottom: 99px;\n    position: fixed;\n    justify-content: center;\n    background: #F6F6F6;\n    width: 25px;\n    align-items: center;\n    height: 25px;\n    font-weight: 800;\n    border-radius: 50%;\n    border: 1px solid #EBEBEB;\n}\n\n.recomendadorV2Desc{\n    color: #000000;\n    margin: 20px 0px;\n}\n\n@media (max-width: 576px) {\n    .recomendadorV2Area {\n      padding: 10px;\n      max-width: 100%;\n    }\n  \n    .recomendadorV2Area1 img {\n      width: 100%;\n      border-radius: 6px;\n    }\n  \n    .recomendadorV2Area2 .recomendadorV2Type {\n      font-size: 9px;\n      letter-spacing: 1px;\n      margin: 8px 0;\n    }\n  \n    .recomendadorV2Title h2 {\n      font-size: 18px !important;\n      margin-bottom: 8px !important;\n      line-height: 1.2;\n    }\n  \n    .recomendadorV2Desc {\n      font-size: 14px;\n      margin: 8px 0 !important;\n      line-height: 1.4;\n    }\n  \n    .recomendadorV2Button {\n      font-size: 12px;\n      height: 30px;\n      padding: 0 12px;\n      max-width: 160px;\n    }\n  \n    .recomendadorV2Button:after {\n      padding-left: 6px;\n    }\n  }\n  <\/style>\n        <div class=\"lazyblock-recomendador-v2-2jDGz wp-block-lazyblock-recomendador-v2\">\n        <a class=\"linkrecomendadorv2\" href=\"https:\/\/diariodepernambuco.com.br\/dpmais\/familia-de-cristiano-ronaldo-compra-3-terrenos-de-luxo-no-brasil-em-cidade-pouco-conhecida\/?utm_source=lazy\" target=\"_blank\" rel=\"noopener\">\n            <div class=\"recomendadorV2Area\">\n            <div class=\"recomendadorV2Area1\">\n                <div class=\"recomendadorV2Img\">\n                <img class=\"lazyloaded\" decoding=\"async\" src=\"https:\/\/diariodepernambuco.com.br\/dpmais\/wp-content\/uploads\/2026\/01\/familia-de-cristiano-ronaldo-compra-3-terrenos-de-luxo-no-brasil-em-cidade-pouco-conhecida-1140x570.jpg\" data-src=\"https:\/\/diariodepernambuco.com.br\/dpmais\/wp-content\/uploads\/2026\/01\/familia-de-cristiano-ronaldo-compra-3-terrenos-de-luxo-no-brasil-em-cidade-pouco-conhecida-1140x570.jpg\" alt=\"\">\n                <\/div>\n            <\/div>\n            <div class=\"recomendadorV2Area2\">\n                <div class=\"recomendadorV2Type\">\n                    <span>Luxo famosos<\/span>\n                <\/div>\n                <div class=\"recomendadorV2Title\">\n                <h2><span>CR7 investe \ud83c\udde7\ud83c\uddf7<\/span><\/h2>\n                <\/div>\n                <div class=\"recomendadorV2Desc\">\n                <span>Fam\u00edlia de Cristiano Ronaldo compra terrenos de luxo<\/span>\n                <\/div>\n                <div class=\"recomendadorV2Button\">Veja onde foi<\/div>\n                <div class=\"recomendadorV2Alert\"><\/div>\n            <\/div>\n            <\/div>\n        <\/a>\n        <div>\n            <div style=\"z-index:99999;\" id=\"buttonClose\" onclick=\"closeRecomendadorFixed()\">\n            <div class=\"recomendadorCloseFixed\">X<\/div>\n            <\/div>\n            <a href=\"https:\/\/diariodepernambuco.com.br\/dpmais\/familia-de-cristiano-ronaldo-compra-3-terrenos-de-luxo-no-brasil-em-cidade-pouco-conhecida\/?utm_source=lazy\" target=\"_blank\" rel=\"noopener\">\n            <div class=\"recomendadorFixedArea\">\n                <div id=\"recomendadorFixed\">\n                <div class=\"recomendadorLeftArea\">\n                    <div class=\"recomendadorImgFixed\">\n                    <img class=\"lazyload\" decoding=\"async\" src=\"https:\/\/diariodepernambuco.com.br\/dpmais\/wp-content\/uploads\/2026\/01\/familia-de-cristiano-ronaldo-compra-3-terrenos-de-luxo-no-brasil-em-cidade-pouco-conhecida-1140x570.jpg\" alt=\"\">\n                    <\/div>\n                <\/div>\n                <div class=\"recomendadorRightArea\">\n                    <div class=\"recomendadorTitleFixed\">\n                    <h2><span>CR7 investe \ud83c\udde7\ud83c\uddf7<\/span><\/h2>\n                    <\/div>\n                    <div class=\"recomendadorButtonFixed\">Veja onde foi<\/div>\n                    <div class=\"recomendadorAlertFixed\"><\/div>\n                <\/div>\n                <\/div>\n            <\/div>\n            <\/a>\n        <\/div>\n        <\/div>\n\n\n\n<p>Embora o Magazine Luiza figure entre as maiores empresas do varejo nacional em volume de vendas, seus resultados evidenciam os desafios de operar com margens apertadas em um modelo altamente competitivo. Custos com log\u00edstica, tecnologia, pessoal e cr\u00e9dito ao consumidor reduzem significativamente o lucro final, mesmo diante de um faturamento bilion\u00e1rio.<\/p>\n\n\n\n<p>No caso da Havan, o cen\u00e1rio \u00e9 distinto. Com uma estrutura mais enxuta e foco em lojas f\u00edsicas de grande porte, a empresa consegue converter uma parcela maior de suas vendas em lucro. O desempenho refor\u00e7a como decis\u00f5es estrat\u00e9gicas, modelo operacional e controle de despesas pesam mais no resultado final do que apenas o volume de faturamento anual.<\/p>\n\n\n\n<p><\/p>\n","protected":false},"excerpt":{"rendered":"<p>Enquanto o Magazine Luiza fechou o ano de 2021 com um faturamento de R$ 56 bilh\u00f5es e lucro l\u00edquido de R$ 590 milh\u00f5es, resultado que refletiu sua expans\u00e3o no e-commerce e em novos neg\u00f3cios, outra gigante do varejo brasileiro tem figurado de maneira ainda mais robusta nos n\u00fameros recentes. Lucro Havan Em 2024, o Grupo [&hellip;]<\/p>\n","protected":false},"author":4,"featured_media":7982,"comment_status":"open","ping_status":"open","sticky":false,"template":"","format":"standard","meta":{"jnews-multi-image_gallery":[],"jnews_single_post":{"format":"standard"},"jnews_primary_category":[],"jnews_social_meta":[],"jnews_post_split":[],"footnotes":""},"categories":[1],"tags":[],"class_list":["post-14633","post","type-post","status-publish","format-standard","has-post-thumbnail","hentry","category-uncategorized"],"_links":{"self":[{"href":"https:\/\/diariodepernambuco.audiencelabs.com.br\/wp-json\/wp\/v2\/posts\/14633","targetHints":{"allow":["GET"]}}],"collection":[{"href":"https:\/\/diariodepernambuco.audiencelabs.com.br\/wp-json\/wp\/v2\/posts"}],"about":[{"href":"https:\/\/diariodepernambuco.audiencelabs.com.br\/wp-json\/wp\/v2\/types\/post"}],"author":[{"embeddable":true,"href":"https:\/\/diariodepernambuco.audiencelabs.com.br\/wp-json\/wp\/v2\/users\/4"}],"replies":[{"embeddable":true,"href":"https:\/\/diariodepernambuco.audiencelabs.com.br\/wp-json\/wp\/v2\/comments?post=14633"}],"version-history":[{"count":4,"href":"https:\/\/diariodepernambuco.audiencelabs.com.br\/wp-json\/wp\/v2\/posts\/14633\/revisions"}],"predecessor-version":[{"id":14741,"href":"https:\/\/diariodepernambuco.audiencelabs.com.br\/wp-json\/wp\/v2\/posts\/14633\/revisions\/14741"}],"wp:featuredmedia":[{"embeddable":true,"href":"https:\/\/diariodepernambuco.audiencelabs.com.br\/wp-json\/wp\/v2\/media\/7982"}],"wp:attachment":[{"href":"https:\/\/diariodepernambuco.audiencelabs.com.br\/wp-json\/wp\/v2\/media?parent=14633"}],"wp:term":[{"taxonomy":"category","embeddable":true,"href":"https:\/\/diariodepernambuco.audiencelabs.com.br\/wp-json\/wp\/v2\/categories?post=14633"},{"taxonomy":"post_tag","embeddable":true,"href":"https:\/\/diariodepernambuco.audiencelabs.com.br\/wp-json\/wp\/v2\/tags?post=14633"}],"curies":[{"name":"wp","href":"https:\/\/api.w.org\/{rel}","templated":true}]}}