{"id":14663,"date":"2026-01-23T10:30:00","date_gmt":"2026-01-23T13:30:00","guid":{"rendered":"https:\/\/diariodepernambuco.audiencelabs.com.br\/?p=14663"},"modified":"2026-01-23T10:42:37","modified_gmt":"2026-01-23T13:42:37","slug":"volta-as-aulas-de-2026-quando-vai-iniciar-o-ano-letivo-neste-estado","status":"publish","type":"post","link":"https:\/\/diariodepernambuco.audiencelabs.com.br\/volta-as-aulas-de-2026-quando-vai-iniciar-o-ano-letivo-neste-estado\/","title":{"rendered":"Volta \u00e0s aulas de 2026: quando vai iniciar o ano letivo?"},"content":{"rendered":"\n<p>A retomada das aulas costuma despertar apreens\u00e3o entre estudantes, pais e respons\u00e1veis, sobretudo diante da necessidade de reorganizar a rotina, adquirir materiais escolares e ajustar o transporte. No Rio Grande do Sul, esse cen\u00e1rio ganha ainda mais aten\u00e7\u00e3o conforme o calend\u00e1rio da rede estadual avan\u00e7a para as etapas finais do processo de matr\u00edcula.<\/p>\n\n\n\n<p>Nas \u00faltimas semanas, cresceu a procura por informa\u00e7\u00f5es sobre prazos, confirma\u00e7\u00e3o de vagas e entrega de documentos nas escolas estaduais. A busca se intensificou principalmente entre fam\u00edlias que participaram da segunda chamada de matr\u00edculas ou solicitaram transfer\u00eancia dentro da rede p\u00fablica.<\/p>\n\n\n\n<p>Mesmo com o cronograma de matr\u00edculas em andamento, uma d\u00favida segue recorrente entre as fam\u00edlias: quando come\u00e7am, de fato, as aulas na rede estadual ga\u00facha? O retorno dos estudantes \u00e0s salas est\u00e1 previsto para 18 de fevereiro de 2026, data v\u00e1lida para todas as escolas estaduais e que marca oficialmente o in\u00edcio do ano letivo em todo o Rio Grande do Sul.<\/p>\n\n\n\n<p>Antes da volta \u00e0s aulas, a Rede Estadual entra na fase final de valida\u00e7\u00e3o das matr\u00edculas. Entre os dias 20 e 30 de janeiro, os alunos contemplados na segunda chamada devem ir pessoalmente \u00e0 escola designada para confirmar a vaga, etapa obrigat\u00f3ria que inclui a apresenta\u00e7\u00e3o da documenta\u00e7\u00e3o exigida.<\/p>\n\n\n\n<h2 class=\"wp-block-heading\">Quais documentos s\u00e3o necess\u00e1rios para a confirma\u00e7\u00e3o da matr\u00edcula<\/h2>\n\n\n\n<p>A matr\u00edcula apenas \u00e9 efetivada ap\u00f3s a apresenta\u00e7\u00e3o presencial dos documentos exigidos pela escola. Entre os itens solicitados est\u00e3o:<\/p>\n\n\n\n<ul class=\"wp-block-list\">\n<li>CPF e documento de identifica\u00e7\u00e3o do estudante<\/li>\n\n\n\n<li>CPF e documento do respons\u00e1vel legal<\/li>\n\n\n\n<li>Comprovante de resid\u00eancia atualizado<\/li>\n\n\n\n<li>Carteira de vacina\u00e7\u00e3o, conforme determina a legisla\u00e7\u00e3o estadual<\/li>\n<\/ul>\n\n\n\n<p><\/p>\n","protected":false},"excerpt":{"rendered":"<p>A retomada das aulas costuma despertar apreens\u00e3o entre estudantes, pais e respons\u00e1veis, sobretudo diante da necessidade de reorganizar a rotina, adquirir materiais escolares e ajustar o transporte. No Rio Grande do Sul, esse cen\u00e1rio ganha ainda mais aten\u00e7\u00e3o conforme o calend\u00e1rio da rede estadual avan\u00e7a para as etapas finais do processo de matr\u00edcula. Nas \u00faltimas [&hellip;]<\/p>\n","protected":false},"author":4,"featured_media":11478,"comment_status":"open","ping_status":"open","sticky":false,"template":"","format":"standard","meta":{"jnews-multi-image_gallery":[],"jnews_single_post":{"format":"standard"},"jnews_primary_category":[],"jnews_social_meta":[],"jnews_post_split":[],"footnotes":""},"categories":[1],"tags":[],"class_list":["post-14663","post","type-post","status-publish","format-standard","has-post-thumbnail","hentry","category-uncategorized"],"_links":{"self":[{"href":"https:\/\/diariodepernambuco.audiencelabs.com.br\/wp-json\/wp\/v2\/posts\/14663","targetHints":{"allow":["GET"]}}],"collection":[{"href":"https:\/\/diariodepernambuco.audiencelabs.com.br\/wp-json\/wp\/v2\/posts"}],"about":[{"href":"https:\/\/diariodepernambuco.audiencelabs.com.br\/wp-json\/wp\/v2\/types\/post"}],"author":[{"embeddable":true,"href":"https:\/\/diariodepernambuco.audiencelabs.com.br\/wp-json\/wp\/v2\/users\/4"}],"replies":[{"embeddable":true,"href":"https:\/\/diariodepernambuco.audiencelabs.com.br\/wp-json\/wp\/v2\/comments?post=14663"}],"version-history":[{"count":3,"href":"https:\/\/diariodepernambuco.audiencelabs.com.br\/wp-json\/wp\/v2\/posts\/14663\/revisions"}],"predecessor-version":[{"id":14755,"href":"https:\/\/diariodepernambuco.audiencelabs.com.br\/wp-json\/wp\/v2\/posts\/14663\/revisions\/14755"}],"wp:featuredmedia":[{"embeddable":true,"href":"https:\/\/diariodepernambuco.audiencelabs.com.br\/wp-json\/wp\/v2\/media\/11478"}],"wp:attachment":[{"href":"https:\/\/diariodepernambuco.audiencelabs.com.br\/wp-json\/wp\/v2\/media?parent=14663"}],"wp:term":[{"taxonomy":"category","embeddable":true,"href":"https:\/\/diariodepernambuco.audiencelabs.com.br\/wp-json\/wp\/v2\/categories?post=14663"},{"taxonomy":"post_tag","embeddable":true,"href":"https:\/\/diariodepernambuco.audiencelabs.com.br\/wp-json\/wp\/v2\/tags?post=14663"}],"curies":[{"name":"wp","href":"https:\/\/api.w.org\/{rel}","templated":true}]}}