{"id":14666,"date":"2026-01-23T15:00:00","date_gmt":"2026-01-23T18:00:00","guid":{"rendered":"https:\/\/diariodepernambuco.audiencelabs.com.br\/?p=14666"},"modified":"2026-01-22T11:59:25","modified_gmt":"2026-01-22T14:59:25","slug":"por-que-veiculos-eletricos-sao-melhores-que-diesel","status":"publish","type":"post","link":"https:\/\/diariodepernambuco.audiencelabs.com.br\/por-que-veiculos-eletricos-sao-melhores-que-diesel\/","title":{"rendered":"Por que ve\u00edculos el\u00e9tricos s\u00e3o melhores que diesel?"},"content":{"rendered":"\n<p>Com o avan\u00e7o das discuss\u00f5es sobre sustentabilidade, custos de energia e qualidade do ar nas cidades, os ve\u00edculos el\u00e9tricos passaram a ganhar espa\u00e7o como alternativa aos modelos movidos a diesel. Al\u00e9m de reduzir a emiss\u00e3o de poluentes e o impacto ambiental, essa tecnologia vem se destacando por oferecer maior efici\u00eancia energ\u00e9tica, menor custo de manuten\u00e7\u00e3o e opera\u00e7\u00e3o mais silenciosa.<\/p>\n\n\n\n<p>A compara\u00e7\u00e3o entre el\u00e9tricos e ve\u00edculos a diesel ajuda a entender por que a mobilidade el\u00e9trica \u00e9 vista como uma tend\u00eancia irrevers\u00edvel no transporte urbano e industrial. Al\u00e9m do aspecto ambiental, a efici\u00eancia dos ve\u00edculos el\u00e9tricos \u00e9 um dos principais diferenciais em rela\u00e7\u00e3o aos modelos a diesel.<\/p>\n\n\n\n<p>Enquanto motores a combust\u00e3o perdem grande parte da energia em forma de calor, os motores el\u00e9tricos convertem a maior parte da energia armazenada nas baterias em movimento, o que resulta em melhor aproveitamento energ\u00e9tico e menor consumo por quil\u00f4metro rodado.<\/p>\n\n\n\n<p>Outro ponto relevante \u00e9 o custo de manuten\u00e7\u00e3o. Ve\u00edculos el\u00e9tricos possuem menos pe\u00e7as m\u00f3veis, dispensam itens como \u00f3leo do motor, filtros e sistemas complexos de transmiss\u00e3o. Isso reduz significativamente a necessidade de revis\u00f5es frequentes e diminui o risco de falhas mec\u00e2nicas, gerando economia a m\u00e9dio e longo prazo para frotas e motoristas.<\/p>\n\n\n\n<p>Ce\u00edculos el\u00e9tricos s\u00e3o melhores que a diesel at\u00e9 no frio<\/p>\n\n\n\n<p>Um estudo conduzido pela Universidade do Alasca mostrou que ve\u00edculos el\u00e9tricos podem operar de forma mais eficiente do que modelos a diesel mesmo em regi\u00f5es de frio extremo. A pesquisa analisou o desempenho de ambos os tipos de motoriza\u00e7\u00e3o em temperaturas negativas e concluiu que os el\u00e9tricos ainda apresentam maior efici\u00eancia energ\u00e9tica e menor \u00edndice de falhas mec\u00e2nicas.<\/p>\n\n\n\n<p>De acordo com os pesquisadores, motores a diesel sofrem mais com partidas dif\u00edceis, maior consumo de combust\u00edvel e desgaste acelerado em ambientes gelados. J\u00e1 os ve\u00edculos el\u00e9tricos, embora demandem estrat\u00e9gias de aquecimento das baterias, mant\u00eam funcionamento mais est\u00e1vel, exigem menos manuten\u00e7\u00e3o e apresentam melhor resposta operacional.<\/p>\n\n\n\n<p><\/p>\n","protected":false},"excerpt":{"rendered":"<p>Com o avan\u00e7o das discuss\u00f5es sobre sustentabilidade, custos de energia e qualidade do ar nas cidades, os ve\u00edculos el\u00e9tricos passaram a ganhar espa\u00e7o como alternativa aos modelos movidos a diesel. Al\u00e9m de reduzir a emiss\u00e3o de poluentes e o impacto ambiental, essa tecnologia vem se destacando por oferecer maior efici\u00eancia energ\u00e9tica, menor custo de manuten\u00e7\u00e3o [&hellip;]<\/p>\n","protected":false},"author":4,"featured_media":1037,"comment_status":"open","ping_status":"open","sticky":false,"template":"","format":"standard","meta":{"jnews-multi-image_gallery":[],"jnews_single_post":[],"jnews_primary_category":[],"jnews_social_meta":[],"jnews_post_split":[],"footnotes":""},"categories":[1],"tags":[],"class_list":["post-14666","post","type-post","status-publish","format-standard","has-post-thumbnail","hentry","category-uncategorized"],"_links":{"self":[{"href":"https:\/\/diariodepernambuco.audiencelabs.com.br\/wp-json\/wp\/v2\/posts\/14666","targetHints":{"allow":["GET"]}}],"collection":[{"href":"https:\/\/diariodepernambuco.audiencelabs.com.br\/wp-json\/wp\/v2\/posts"}],"about":[{"href":"https:\/\/diariodepernambuco.audiencelabs.com.br\/wp-json\/wp\/v2\/types\/post"}],"author":[{"embeddable":true,"href":"https:\/\/diariodepernambuco.audiencelabs.com.br\/wp-json\/wp\/v2\/users\/4"}],"replies":[{"embeddable":true,"href":"https:\/\/diariodepernambuco.audiencelabs.com.br\/wp-json\/wp\/v2\/comments?post=14666"}],"version-history":[{"count":1,"href":"https:\/\/diariodepernambuco.audiencelabs.com.br\/wp-json\/wp\/v2\/posts\/14666\/revisions"}],"predecessor-version":[{"id":14667,"href":"https:\/\/diariodepernambuco.audiencelabs.com.br\/wp-json\/wp\/v2\/posts\/14666\/revisions\/14667"}],"wp:featuredmedia":[{"embeddable":true,"href":"https:\/\/diariodepernambuco.audiencelabs.com.br\/wp-json\/wp\/v2\/media\/1037"}],"wp:attachment":[{"href":"https:\/\/diariodepernambuco.audiencelabs.com.br\/wp-json\/wp\/v2\/media?parent=14666"}],"wp:term":[{"taxonomy":"category","embeddable":true,"href":"https:\/\/diariodepernambuco.audiencelabs.com.br\/wp-json\/wp\/v2\/categories?post=14666"},{"taxonomy":"post_tag","embeddable":true,"href":"https:\/\/diariodepernambuco.audiencelabs.com.br\/wp-json\/wp\/v2\/tags?post=14666"}],"curies":[{"name":"wp","href":"https:\/\/api.w.org\/{rel}","templated":true}]}}