{"id":1467,"date":"2025-08-20T09:30:00","date_gmt":"2025-08-20T12:30:00","guid":{"rendered":"https:\/\/diariodepernambuco.audiencelabs.com.br\/?p=1467"},"modified":"2025-08-19T11:33:21","modified_gmt":"2025-08-19T14:33:21","slug":"incrivel-revelado-o-final-da-novela-vale-tudo-voce-nao-vai-acreditar","status":"publish","type":"post","link":"https:\/\/diariodepernambuco.audiencelabs.com.br\/incrivel-revelado-o-final-da-novela-vale-tudo-voce-nao-vai-acreditar\/","title":{"rendered":"Incr\u00edvel! Revelado o final da novela Vale Tudo, voc\u00ea n\u00e3o vai acreditar"},"content":{"rendered":"\n<p>A reprise de \u201cVale Tudo\u201d, exibida no hor\u00e1rio nobre da TV Globo, j\u00e1 tem data para acabar. A emissora definiu que o \u00faltimo cap\u00edtulo do remake, escrito por Manuela Dias, ir\u00e1 ao ar na segunda quinzena de outubro. A decis\u00e3o foi confirmada ap\u00f3s o an\u00fancio de que \u201cTr\u00eas Gra\u00e7as\u201d, pr\u00f3xima novela das nove, estreia em 20 de outubro.<\/p>\n\n\n\n<p>Em celebra\u00e7\u00e3o aos seus 60 anos, a TV Globo apostou em uma trama marcada por reviravoltas, capaz n\u00e3o apenas de emocionar o p\u00fablico, mas tamb\u00e9m de despertar reflex\u00f5es. Foi o que aconteceu na primeira vers\u00e3o da novela, que foi ao ar entre 1988 e 1989. Um sucesso absolutamente estrondoso que chegou ao fim ap\u00f3s longos 204 epis\u00f3dios.<\/p>\n\n\n\n<p>Mas voc\u00ea se lembra como foi o final de Vale Tudo? O mais interessante no fim da primeira vers\u00e3o \u00e9 que nem todos os vil\u00f5es acabaram castigados, um reflexo proposto pela novela da impunidade no pa\u00eds. \u00c0 exce\u00e7\u00e3o de Odete Roitman, que termina morta, outros como Maria de F\u00e1tima, C\u00e9sar e Marco Aur\u00e9lio acabam se dando bem.<\/p>\n\n\n\n<p>Enquanto a grande vil\u00e3 \u00e9 morta, por engano, por Leila, Maria de F\u00e1tima faz as pazes com a m\u00e3e Raquel e termina casada com um pr\u00edncipe italiano, ap\u00f3s o amante C\u00e9sar prop\u00f4r o casamento. Vivido por Carlos Alberto Riccelli, C\u00e9sar vive junto do casal e mant\u00e9m o relacionamento de idas e vindas com Maria de F\u00e1tima.<\/p>\n\n\n\n<p>J\u00e1 Marco Aur\u00e9lio tem seus crimes revelados, mas consegue escapar da pol\u00edcia e foge do pa\u00eds ao lado de Leila, que tamb\u00e9m n\u00e3o \u00e9 responsabilizada pela morte de Odete. A bordo de um helic\u00f3ptero, ao deixar o Brasil, ele faz um gesto de desprezo para a na\u00e7\u00e3o \u2014 cena que se tornou uma das mais marcantes da novela.<\/p>\n\n\n\n<h2 class=\"wp-block-heading\">Um resumo da primeira vers\u00e3o de Vale Tudo<\/h2>\n\n\n\n<p>\ud83d\udcfa Exibi\u00e7\u00e3o: transmitida pela TV Globo entre 16 de maio de 1988 e 6 de janeiro de 1989, no hor\u00e1rio das 21h.<\/p>\n\n\n\n<p>\u270d\ufe0f Autores: escrita por Gilberto Braga, Aguinaldo Silva e Leonor Bass\u00e8res, com dire\u00e7\u00e3o de Dennis Carvalho e Ricardo Waddington.<\/p>\n\n\n\n<p>\ud83c\udfad Enredo central: girava em torno do confronto de valores entre Raquel Accioli (Regina Duarte), mulher honesta e batalhadora, e sua filha Maria de F\u00e1tima (Gl\u00f3ria Pires), ambiciosa e capaz de tudo para ascender socialmente.<\/p>\n\n\n\n<p>\ud83d\udcbc Cr\u00edtica social: abordava temas como corrup\u00e7\u00e3o, gan\u00e2ncia, \u00e9tica e desigualdade, mostrando que, no Brasil dos anos 1980, &#8220;valia tudo&#8221; para vencer \u2014 inclusive mentir, trair e corromper.<\/p>\n\n\n\n<p>\ud83d\udd75\ufe0f Mist\u00e9rio da trama: um dos grandes pontos de suspense foi o assassinato de Odete Roitman (Beatriz Segall), revelado apenas no \u00faltimo cap\u00edtulo.<\/p>\n\n\n\n<p>\ud83c\udfad Personagens marcantes: al\u00e9m de Raquel, F\u00e1tima e Odete, se destacaram Marco Aur\u00e9lio (Reginaldo Faria), Ivan (Ant\u00f4nio Fagundes), Afonso (C\u00e1ssio Gabus Mendes) e Solange (L\u00eddia Brondi).<\/p>\n\n\n\n<p>\ud83c\udf0d Impacto cultural: tornou-se uma das novelas mais emblem\u00e1ticas da Globo, lembrada at\u00e9 hoje pelo final pol\u00eamico, pelas cr\u00edticas \u00e0 sociedade brasileira e pela famosa cena de Marco Aur\u00e9lio fugindo do pa\u00eds de helic\u00f3ptero e fazendo um gesto de deboche ao Brasil.<\/p>\n\n\n\n<p><\/p>\n","protected":false},"excerpt":{"rendered":"<p>A reprise de \u201cVale Tudo\u201d, exibida no hor\u00e1rio nobre da TV Globo, j\u00e1 tem data para acabar. A emissora definiu que o \u00faltimo cap\u00edtulo do remake, escrito por Manuela Dias, ir\u00e1 ao ar na segunda quinzena de outubro. A decis\u00e3o foi confirmada ap\u00f3s o an\u00fancio de que \u201cTr\u00eas Gra\u00e7as\u201d, pr\u00f3xima novela das nove, estreia em [&hellip;]<\/p>\n","protected":false},"author":4,"featured_media":1469,"comment_status":"open","ping_status":"open","sticky":false,"template":"","format":"standard","meta":{"jnews-multi-image_gallery":[],"jnews_single_post":{"format":"standard"},"jnews_primary_category":[],"jnews_social_meta":[],"jnews_post_split":[],"footnotes":""},"categories":[1],"tags":[],"class_list":["post-1467","post","type-post","status-publish","format-standard","has-post-thumbnail","hentry","category-uncategorized"],"_links":{"self":[{"href":"https:\/\/diariodepernambuco.audiencelabs.com.br\/wp-json\/wp\/v2\/posts\/1467","targetHints":{"allow":["GET"]}}],"collection":[{"href":"https:\/\/diariodepernambuco.audiencelabs.com.br\/wp-json\/wp\/v2\/posts"}],"about":[{"href":"https:\/\/diariodepernambuco.audiencelabs.com.br\/wp-json\/wp\/v2\/types\/post"}],"author":[{"embeddable":true,"href":"https:\/\/diariodepernambuco.audiencelabs.com.br\/wp-json\/wp\/v2\/users\/4"}],"replies":[{"embeddable":true,"href":"https:\/\/diariodepernambuco.audiencelabs.com.br\/wp-json\/wp\/v2\/comments?post=1467"}],"version-history":[{"count":2,"href":"https:\/\/diariodepernambuco.audiencelabs.com.br\/wp-json\/wp\/v2\/posts\/1467\/revisions"}],"predecessor-version":[{"id":1470,"href":"https:\/\/diariodepernambuco.audiencelabs.com.br\/wp-json\/wp\/v2\/posts\/1467\/revisions\/1470"}],"wp:featuredmedia":[{"embeddable":true,"href":"https:\/\/diariodepernambuco.audiencelabs.com.br\/wp-json\/wp\/v2\/media\/1469"}],"wp:attachment":[{"href":"https:\/\/diariodepernambuco.audiencelabs.com.br\/wp-json\/wp\/v2\/media?parent=1467"}],"wp:term":[{"taxonomy":"category","embeddable":true,"href":"https:\/\/diariodepernambuco.audiencelabs.com.br\/wp-json\/wp\/v2\/categories?post=1467"},{"taxonomy":"post_tag","embeddable":true,"href":"https:\/\/diariodepernambuco.audiencelabs.com.br\/wp-json\/wp\/v2\/tags?post=1467"}],"curies":[{"name":"wp","href":"https:\/\/api.w.org\/{rel}","templated":true}]}}