{"id":14676,"date":"2026-01-23T18:30:00","date_gmt":"2026-01-23T21:30:00","guid":{"rendered":"https:\/\/diariodepernambuco.audiencelabs.com.br\/?p=14676"},"modified":"2026-01-22T12:23:55","modified_gmt":"2026-01-22T15:23:55","slug":"lei-proibe-fumar-perto-das-escolas-e-voce-pode-tomar-multa-de-ate-r-1-000-neste-pais","status":"publish","type":"post","link":"https:\/\/diariodepernambuco.audiencelabs.com.br\/lei-proibe-fumar-perto-das-escolas-e-voce-pode-tomar-multa-de-ate-r-1-000-neste-pais\/","title":{"rendered":"Lei pro\u00edbe fumar perto das escolas e voc\u00ea pode tomar multa de at\u00e9 R$ 1.000 neste pa\u00eds"},"content":{"rendered":"\n<p>A Fran\u00e7a anunciou a ado\u00e7\u00e3o de regras mais r\u00edgidas contra o tabagismo em espa\u00e7os p\u00fablicos. A partir de 1\u00ba de julho, ser\u00e1 proibido fumar em \u00e1reas abertas com circula\u00e7\u00e3o de crian\u00e7as, como parques, praias, jardins p\u00fablicos, entorno de escolas, esta\u00e7\u00f5es rodovi\u00e1rias e instala\u00e7\u00f5es esportivas.<\/p>\n\n\n\n<p>O descumprimento da norma pode resultar em multa de at\u00e9 135 euros, o equivalente a aproximadamente R$ 867. A medida, divulgada em junho de 2025, integra a pol\u00edtica do governo franc\u00eas para reduzir o consumo de tabaco e ampliar a prote\u00e7\u00e3o \u00e0 sa\u00fade de crian\u00e7as e adolescentes.<\/p>\n\n\n\n<p>Ao apresentar a nova legisla\u00e7\u00e3o, a ministra da Sa\u00fade e da Fam\u00edlia da Fran\u00e7a, Catherine Vautrin, destacou que a prioridade \u00e9 assegurar espa\u00e7os mais saud\u00e1veis para crian\u00e7as e adolescentes. Segundo ela, \u201co tabaco deve desaparecer onde h\u00e1 crian\u00e7as; a liberdade de fumar termina onde come\u00e7a o direito das crian\u00e7as de respirar ar puro\u201d.<\/p>\n\n\n\n<p>A legisla\u00e7\u00e3o amplia as restri\u00e7\u00f5es j\u00e1 vigentes no pa\u00eds, mas n\u00e3o abrange todos os ambientes. Terra\u00e7os de bares e caf\u00e9s ficaram fora da proibi\u00e7\u00e3o, assim como os cigarros eletr\u00f4nicos, que n\u00e3o foram inclu\u00eddos na medida. Segundo o Observat\u00f3rio Franc\u00eas de Drogas e Tend\u00eancias Aditivas, 23,1% da popula\u00e7\u00e3o francesa fuma diariamente, o menor \u00edndice registrado desde o final da d\u00e9cada de 1990.<\/p>\n\n\n\n<h2 class=\"wp-block-heading\">Medida refor\u00e7a prote\u00e7\u00e3o \u00e0 sa\u00fade infantil e combate ao fumo passivo<\/h2>\n\n\n\n<p>A iniciativa do governo franc\u00eas busca reduzir a exposi\u00e7\u00e3o de crian\u00e7as e adolescentes ao fumo passivo, reconhecido como fator de risco para doen\u00e7as respirat\u00f3rias, cardiovasculares e outros problemas de sa\u00fade. Ao restringir o consumo de tabaco em locais frequentados por menores, as autoridades pretendem criar ambientes mais seguros e estimular mudan\u00e7as de comportamento na sociedade.<\/p>\n\n\n\n<p>Especialistas em sa\u00fade p\u00fablica avaliam que a amplia\u00e7\u00e3o das \u00e1reas livres de fuma\u00e7a pode contribuir tamb\u00e9m para a redu\u00e7\u00e3o do n\u00famero de fumantes no pa\u00eds a m\u00e9dio e longo prazo. A expectativa \u00e9 que a medida funcione n\u00e3o apenas como puni\u00e7\u00e3o, mas como instrumento educativo, refor\u00e7ando a ideia de que o direito coletivo \u00e0 sa\u00fade deve prevalecer em espa\u00e7os compartilhados.<\/p>\n\n\n\n<p><\/p>\n","protected":false},"excerpt":{"rendered":"<p>A Fran\u00e7a anunciou a ado\u00e7\u00e3o de regras mais r\u00edgidas contra o tabagismo em espa\u00e7os p\u00fablicos. A partir de 1\u00ba de julho, ser\u00e1 proibido fumar em \u00e1reas abertas com circula\u00e7\u00e3o de crian\u00e7as, como parques, praias, jardins p\u00fablicos, entorno de escolas, esta\u00e7\u00f5es rodovi\u00e1rias e instala\u00e7\u00f5es esportivas. O descumprimento da norma pode resultar em multa de at\u00e9 135 [&hellip;]<\/p>\n","protected":false},"author":4,"featured_media":14679,"comment_status":"open","ping_status":"open","sticky":false,"template":"","format":"standard","meta":{"jnews-multi-image_gallery":[],"jnews_single_post":{"format":"standard"},"jnews_primary_category":[],"jnews_social_meta":[],"jnews_post_split":[],"footnotes":""},"categories":[1],"tags":[],"class_list":["post-14676","post","type-post","status-publish","format-standard","has-post-thumbnail","hentry","category-uncategorized"],"_links":{"self":[{"href":"https:\/\/diariodepernambuco.audiencelabs.com.br\/wp-json\/wp\/v2\/posts\/14676","targetHints":{"allow":["GET"]}}],"collection":[{"href":"https:\/\/diariodepernambuco.audiencelabs.com.br\/wp-json\/wp\/v2\/posts"}],"about":[{"href":"https:\/\/diariodepernambuco.audiencelabs.com.br\/wp-json\/wp\/v2\/types\/post"}],"author":[{"embeddable":true,"href":"https:\/\/diariodepernambuco.audiencelabs.com.br\/wp-json\/wp\/v2\/users\/4"}],"replies":[{"embeddable":true,"href":"https:\/\/diariodepernambuco.audiencelabs.com.br\/wp-json\/wp\/v2\/comments?post=14676"}],"version-history":[{"count":2,"href":"https:\/\/diariodepernambuco.audiencelabs.com.br\/wp-json\/wp\/v2\/posts\/14676\/revisions"}],"predecessor-version":[{"id":14681,"href":"https:\/\/diariodepernambuco.audiencelabs.com.br\/wp-json\/wp\/v2\/posts\/14676\/revisions\/14681"}],"wp:featuredmedia":[{"embeddable":true,"href":"https:\/\/diariodepernambuco.audiencelabs.com.br\/wp-json\/wp\/v2\/media\/14679"}],"wp:attachment":[{"href":"https:\/\/diariodepernambuco.audiencelabs.com.br\/wp-json\/wp\/v2\/media?parent=14676"}],"wp:term":[{"taxonomy":"category","embeddable":true,"href":"https:\/\/diariodepernambuco.audiencelabs.com.br\/wp-json\/wp\/v2\/categories?post=14676"},{"taxonomy":"post_tag","embeddable":true,"href":"https:\/\/diariodepernambuco.audiencelabs.com.br\/wp-json\/wp\/v2\/tags?post=14676"}],"curies":[{"name":"wp","href":"https:\/\/api.w.org\/{rel}","templated":true}]}}