{"id":14690,"date":"2026-01-23T19:00:00","date_gmt":"2026-01-23T22:00:00","guid":{"rendered":"https:\/\/diariodepernambuco.audiencelabs.com.br\/?p=14690"},"modified":"2026-01-22T13:49:21","modified_gmt":"2026-01-22T16:49:21","slug":"cuidados-urgentes-com-os-olhos-que-voce-precisa-tomar","status":"publish","type":"post","link":"https:\/\/diariodepernambuco.audiencelabs.com.br\/cuidados-urgentes-com-os-olhos-que-voce-precisa-tomar\/","title":{"rendered":"Cuidados urgentes com os olhos que voc\u00ea precisa tomar"},"content":{"rendered":"\n<p>A sa\u00fade dos olhos costuma ser negligenciada na rotina, mesmo sendo essencial para a qualidade de vida e o bem-estar di\u00e1rio. O uso excessivo de telas, a exposi\u00e7\u00e3o \u00e0 luz solar sem prote\u00e7\u00e3o, h\u00e1bitos inadequados e a falta de acompanhamento m\u00e9dico podem provocar danos progressivos \u00e0 vis\u00e3o.<\/p>\n\n\n\n<p>Por isso, adotar cuidados urgentes com os olhos \u00e9 fundamental para prevenir problemas, identificar sinais de alerta precocemente e preservar a vis\u00e3o ao longo dos anos. Entre as principais medidas est\u00e3o pausas regulares durante o uso de celulares, computadores e tablets, pr\u00e1tica conhecida como regra 20-20-20, que ajuda a reduzir o cansa\u00e7o visual.<\/p>\n\n\n\n<p>Al\u00e9m disso, manter os olhos lubrificados, evitar co\u00e7\u00e1-los com frequ\u00eancia e usar \u00f3culos de sol com prote\u00e7\u00e3o UV s\u00e3o atitudes simples que fazem diferen\u00e7a na preven\u00e7\u00e3o de irrita\u00e7\u00f5es, infec\u00e7\u00f5es e doen\u00e7as oculares. Outro ponto essencial \u00e9 ficar atento a sinais como vis\u00e3o emba\u00e7ada, ard\u00eancia, dores de cabe\u00e7a frequentes, sensibilidade \u00e0 luz ou dificuldade para focar.<\/p>\n\n\n\n<p>Esses sintomas podem indicar desde problemas leves at\u00e9 condi\u00e7\u00f5es mais s\u00e9rias, que exigem avalia\u00e7\u00e3o de um oftalmologista. Consultas regulares e exames de rotina s\u00e3o fundamentais para diagnosticar altera\u00e7\u00f5es precocemente e evitar a progress\u00e3o de doen\u00e7as que podem comprometer a vis\u00e3o de forma permanente.<\/p>\n\n\n\n<h2 class=\"wp-block-heading\">H\u00e1bitos simples que ajudam a preservar a vis\u00e3o no dia a dia<\/h2>\n\n\n\n<p>Pequenas mudan\u00e7as na rotina podem ter um impacto significativo na sa\u00fade ocular. Manter uma alimenta\u00e7\u00e3o equilibrada, rica em vitaminas como A, C e E, al\u00e9m de minerais como zinco e \u00f4mega-3, contribui para o bom funcionamento dos olhos e para a preven\u00e7\u00e3o de doen\u00e7as degenerativas.<\/p>\n\n\n\n<p>Dormir bem e manter o corpo hidratado tamb\u00e9m s\u00e3o fatores importantes para evitar o ressecamento e a fadiga visual. Al\u00e9m disso, o uso correto de \u00f3culos ou lentes de contato, sempre com prescri\u00e7\u00e3o m\u00e9dica, \u00e9 essencial para n\u00e3o sobrecarregar a vis\u00e3o. Ambientes bem iluminados e ajustes adequados de brilho e contraste em telas ajudam a reduzir o esfor\u00e7o ocular.<\/p>\n\n\n\n<p><\/p>\n","protected":false},"excerpt":{"rendered":"<p>A sa\u00fade dos olhos costuma ser negligenciada na rotina, mesmo sendo essencial para a qualidade de vida e o bem-estar di\u00e1rio. O uso excessivo de telas, a exposi\u00e7\u00e3o \u00e0 luz solar sem prote\u00e7\u00e3o, h\u00e1bitos inadequados e a falta de acompanhamento m\u00e9dico podem provocar danos progressivos \u00e0 vis\u00e3o. Por isso, adotar cuidados urgentes com os olhos [&hellip;]<\/p>\n","protected":false},"author":4,"featured_media":14693,"comment_status":"open","ping_status":"open","sticky":false,"template":"","format":"standard","meta":{"jnews-multi-image_gallery":[],"jnews_single_post":{"format":"standard"},"jnews_primary_category":[],"jnews_social_meta":[],"jnews_post_split":[],"footnotes":""},"categories":[1],"tags":[],"class_list":["post-14690","post","type-post","status-publish","format-standard","has-post-thumbnail","hentry","category-uncategorized"],"_links":{"self":[{"href":"https:\/\/diariodepernambuco.audiencelabs.com.br\/wp-json\/wp\/v2\/posts\/14690","targetHints":{"allow":["GET"]}}],"collection":[{"href":"https:\/\/diariodepernambuco.audiencelabs.com.br\/wp-json\/wp\/v2\/posts"}],"about":[{"href":"https:\/\/diariodepernambuco.audiencelabs.com.br\/wp-json\/wp\/v2\/types\/post"}],"author":[{"embeddable":true,"href":"https:\/\/diariodepernambuco.audiencelabs.com.br\/wp-json\/wp\/v2\/users\/4"}],"replies":[{"embeddable":true,"href":"https:\/\/diariodepernambuco.audiencelabs.com.br\/wp-json\/wp\/v2\/comments?post=14690"}],"version-history":[{"count":2,"href":"https:\/\/diariodepernambuco.audiencelabs.com.br\/wp-json\/wp\/v2\/posts\/14690\/revisions"}],"predecessor-version":[{"id":14694,"href":"https:\/\/diariodepernambuco.audiencelabs.com.br\/wp-json\/wp\/v2\/posts\/14690\/revisions\/14694"}],"wp:featuredmedia":[{"embeddable":true,"href":"https:\/\/diariodepernambuco.audiencelabs.com.br\/wp-json\/wp\/v2\/media\/14693"}],"wp:attachment":[{"href":"https:\/\/diariodepernambuco.audiencelabs.com.br\/wp-json\/wp\/v2\/media?parent=14690"}],"wp:term":[{"taxonomy":"category","embeddable":true,"href":"https:\/\/diariodepernambuco.audiencelabs.com.br\/wp-json\/wp\/v2\/categories?post=14690"},{"taxonomy":"post_tag","embeddable":true,"href":"https:\/\/diariodepernambuco.audiencelabs.com.br\/wp-json\/wp\/v2\/tags?post=14690"}],"curies":[{"name":"wp","href":"https:\/\/api.w.org\/{rel}","templated":true}]}}