{"id":14703,"date":"2026-01-25T09:35:00","date_gmt":"2026-01-25T12:35:00","guid":{"rendered":"https:\/\/diariodepernambuco.audiencelabs.com.br\/?p=14703"},"modified":"2026-01-24T19:11:12","modified_gmt":"2026-01-24T22:11:12","slug":"revelado-o-motivo-de-nao-se-importarem-mais-com-a-selecao-brasileira","status":"publish","type":"post","link":"https:\/\/diariodepernambuco.audiencelabs.com.br\/revelado-o-motivo-de-nao-se-importarem-mais-com-a-selecao-brasileira\/","title":{"rendered":"Revelado o motivo de n\u00e3o se importarem mais com a Sele\u00e7\u00e3o Brasileira"},"content":{"rendered":"\n<p>O desinteresse de parte dos brasileiros pela Sele\u00e7\u00e3o Brasileira de futebol, que por d\u00e9cadas foi um s\u00edmbolo de paix\u00e3o nacional, tem sido alvo de pesquisas e an\u00e1lises de especialistas. Um levantamento recente do instituto Ipsos-Ipec mostrou que cerca de um em cada tr\u00eas torcedores afirma n\u00e3o se importar com a equipe, com quase metade atribuindo notas baixas ao seu n\u00edvel de fanatismo.<\/p>\n\n\n\n<p>Essa mudan\u00e7a no comportamento do p\u00fablico reflete n\u00e3o apenas quest\u00f5es esportivas, como desempenho e conex\u00e3o com \u00eddolos, mas tamb\u00e9m fatores culturais e sociais que alteraram a rela\u00e7\u00e3o hist\u00f3rica do brasileiro com sua principal equipe nacional de futebol.<\/p>\n\n\n\n<p>Entre os principais fatores apontados para esse afastamento est\u00e1 a perda de identifica\u00e7\u00e3o do torcedor com os jogadores que vestem a camisa amarela. Atualmente, a maior parte dos atletas da Sele\u00e7\u00e3o atua no exterior e tem pouca liga\u00e7\u00e3o com o cotidiano do futebol brasileiro, o que dificulta a cria\u00e7\u00e3o de \u00eddolos pr\u00f3ximos do p\u00fablico.<\/p>\n\n\n\n<p>Al\u00e9m disso, a dist\u00e2ncia f\u00edsica e simb\u00f3lica entre a equipe e o torcedor comum enfraqueceu o sentimento de pertencimento que marcou gera\u00e7\u00f5es anteriores. Especialistas tamb\u00e9m destacam que o desgaste institucional da Confedera\u00e7\u00e3o Brasileira de Futebol (CBF), somado a esc\u00e2ndalos, m\u00e1 gest\u00e3o e resultados esportivos aqu\u00e9m das expectativas, contribuiu para a quebra de confian\u00e7a.<\/p>\n\n\n\n<p>Paralelamente, o crescimento do interesse por clubes europeus, impulsionado pelas redes sociais e transmiss\u00f5es globais, fez com que parte do p\u00fablico passasse a acompanhar mais campeonatos internacionais do que os jogos da Sele\u00e7\u00e3o, alterando de forma significativa a rela\u00e7\u00e3o emocional com o futebol brasileiro.<\/p>\n\n\n\n<h2 class=\"wp-block-heading\">A agenda do Brasil na Copa do Mundo de 2026<\/h2>\n\n\n\n<p>13\/06, 19h00 \u2013 Brasil x Marrocos \u2013 Nova Jersey<br>19\/06, 22h00 \u2013 Brasil x Haiti \u2013 Filad\u00e9lfia<br>24\/06, 19h00 \u2013 Esc\u00f3cia x Brasil \u2013 Miami<\/p>\n\n\n\n<p><\/p>\n","protected":false},"excerpt":{"rendered":"<p>O desinteresse de parte dos brasileiros pela Sele\u00e7\u00e3o Brasileira de futebol, que por d\u00e9cadas foi um s\u00edmbolo de paix\u00e3o nacional, tem sido alvo de pesquisas e an\u00e1lises de especialistas. Um levantamento recente do instituto Ipsos-Ipec mostrou que cerca de um em cada tr\u00eas torcedores afirma n\u00e3o se importar com a equipe, com quase metade atribuindo [&hellip;]<\/p>\n","protected":false},"author":4,"featured_media":14708,"comment_status":"open","ping_status":"open","sticky":false,"template":"","format":"standard","meta":{"jnews-multi-image_gallery":[],"jnews_single_post":{"format":"standard"},"jnews_primary_category":[],"jnews_social_meta":[],"jnews_post_split":[],"footnotes":""},"categories":[1],"tags":[],"class_list":["post-14703","post","type-post","status-publish","format-standard","has-post-thumbnail","hentry","category-uncategorized"],"_links":{"self":[{"href":"https:\/\/diariodepernambuco.audiencelabs.com.br\/wp-json\/wp\/v2\/posts\/14703","targetHints":{"allow":["GET"]}}],"collection":[{"href":"https:\/\/diariodepernambuco.audiencelabs.com.br\/wp-json\/wp\/v2\/posts"}],"about":[{"href":"https:\/\/diariodepernambuco.audiencelabs.com.br\/wp-json\/wp\/v2\/types\/post"}],"author":[{"embeddable":true,"href":"https:\/\/diariodepernambuco.audiencelabs.com.br\/wp-json\/wp\/v2\/users\/4"}],"replies":[{"embeddable":true,"href":"https:\/\/diariodepernambuco.audiencelabs.com.br\/wp-json\/wp\/v2\/comments?post=14703"}],"version-history":[{"count":2,"href":"https:\/\/diariodepernambuco.audiencelabs.com.br\/wp-json\/wp\/v2\/posts\/14703\/revisions"}],"predecessor-version":[{"id":14710,"href":"https:\/\/diariodepernambuco.audiencelabs.com.br\/wp-json\/wp\/v2\/posts\/14703\/revisions\/14710"}],"wp:featuredmedia":[{"embeddable":true,"href":"https:\/\/diariodepernambuco.audiencelabs.com.br\/wp-json\/wp\/v2\/media\/14708"}],"wp:attachment":[{"href":"https:\/\/diariodepernambuco.audiencelabs.com.br\/wp-json\/wp\/v2\/media?parent=14703"}],"wp:term":[{"taxonomy":"category","embeddable":true,"href":"https:\/\/diariodepernambuco.audiencelabs.com.br\/wp-json\/wp\/v2\/categories?post=14703"},{"taxonomy":"post_tag","embeddable":true,"href":"https:\/\/diariodepernambuco.audiencelabs.com.br\/wp-json\/wp\/v2\/tags?post=14703"}],"curies":[{"name":"wp","href":"https:\/\/api.w.org\/{rel}","templated":true}]}}