{"id":14790,"date":"2026-01-23T14:00:00","date_gmt":"2026-01-23T17:00:00","guid":{"rendered":"https:\/\/diariodepernambuco.audiencelabs.com.br\/?p=14790"},"modified":"2026-01-23T12:37:35","modified_gmt":"2026-01-23T15:37:35","slug":"caixa-tem-aprova-saque-de-ate-r-6-220-e-confirma-dinheiro-na-conta-dos-brasileiros-em-calamidade","status":"publish","type":"post","link":"https:\/\/diariodepernambuco.audiencelabs.com.br\/caixa-tem-aprova-saque-de-ate-r-6-220-e-confirma-dinheiro-na-conta-dos-brasileiros-em-calamidade\/","title":{"rendered":"Caixa Tem aprova saque de at\u00e9 R$ 6.220 e confirma dinheiro na conta dos brasileiros em calamidade"},"content":{"rendered":"\n<p>A Caixa Econ\u00f4mica Federal autorizou a libera\u00e7\u00e3o do Saque Calamidade para moradores de A\u00e7ucena e Almenara, no Leste de Minas Gerais, ap\u00f3s as cidades serem atingidas por fortes chuvas. O pedido do benef\u00edcio pode ser feito pelo aplicativo FGTS at\u00e9 o dia 20 de abril de 2026.<\/p>\n\n\n\n<p>Segundo a Caixa, para ter acesso ao saque \u00e9 necess\u00e1rio possuir saldo dispon\u00edvel no FGTS e n\u00e3o ter realizado retirada pelo mesmo motivo nos \u00faltimos 12 meses. O valor m\u00e1ximo liberado \u00e9 de R$ 6.220,00 por conta, respeitando o limite do saldo existente.<\/p>\n\n\n\n<p>Para solicitar o saque, \u00e9 necess\u00e1rio baixar o aplicativo FGTS e preencher os dados de cadastro. Em seguida, acesse a op\u00e7\u00e3o \u201cSolicitar seu saque 100% digital\u201d ou v\u00e1 at\u00e9 o menu \u201cSaques\u201d e selecione \u201cSolicitar saque\u201d. Depois, escolha a alternativa \u201cCalamidade p\u00fablica\u201d, informe o nome do munic\u00edpio, selecione-o na lista, escolha o tipo de comprovante de endere\u00e7o e preencha o CEP e o n\u00famero da resid\u00eancia.<\/p>\n\n\n\n<p>Na etapa seguinte, o trabalhador deve enviar os documentos exigidos: foto de um documento oficial de identidade e um comprovante de resid\u00eancia em seu nome, emitido at\u00e9 120 dias antes da decreta\u00e7\u00e3o da calamidade. Por fim, basta escolher a conta para recebimento \u2014 que pode ser da CAIXA, incluindo a Poupan\u00e7a Digital CAIXA Tem, ou de outro banco \u2014 e concluir o envio da solicita\u00e7\u00e3o.<\/p>\n\n\n\n<h2 class=\"wp-block-heading\">Quem pode receber e como o dinheiro \u00e9 liberado<\/h2>\n\n\n\n<p>O Saque Calamidade \u00e9 destinado a trabalhadores que residem em \u00e1reas oficialmente reconhecidas em situa\u00e7\u00e3o de emerg\u00eancia ou calamidade p\u00fablica. A libera\u00e7\u00e3o dos recursos ocorre ap\u00f3s o munic\u00edpio ser homologado pelos \u00f3rg\u00e3os competentes, garantindo que apenas moradores das regi\u00f5es afetadas tenham acesso ao benef\u00edcio, que funciona como apoio financeiro em momentos de crise.<\/p>\n\n\n\n<p>Ap\u00f3s a solicita\u00e7\u00e3o pelo aplicativo FGTS, a Caixa realiza a an\u00e1lise das informa\u00e7\u00f5es e dos documentos enviados. Estando tudo correto, o valor \u00e9 creditado diretamente na conta indicada pelo trabalhador, inclusive no Caixa Tem, permitindo acesso r\u00e1pido ao dinheiro para despesas emergenciais decorrentes dos danos causados pelas chuvas.<\/p>\n\n\n\n<p><\/p>\n","protected":false},"excerpt":{"rendered":"<p>A Caixa Econ\u00f4mica Federal autorizou a libera\u00e7\u00e3o do Saque Calamidade para moradores de A\u00e7ucena e Almenara, no Leste de Minas Gerais, ap\u00f3s as cidades serem atingidas por fortes chuvas. O pedido do benef\u00edcio pode ser feito pelo aplicativo FGTS at\u00e9 o dia 20 de abril de 2026. Segundo a Caixa, para ter acesso ao saque [&hellip;]<\/p>\n","protected":false},"author":4,"featured_media":3391,"comment_status":"open","ping_status":"open","sticky":false,"template":"","format":"standard","meta":{"jnews-multi-image_gallery":[],"jnews_single_post":{"format":"standard"},"jnews_primary_category":[],"jnews_social_meta":[],"jnews_post_split":[],"footnotes":""},"categories":[1],"tags":[],"class_list":["post-14790","post","type-post","status-publish","format-standard","has-post-thumbnail","hentry","category-uncategorized"],"_links":{"self":[{"href":"https:\/\/diariodepernambuco.audiencelabs.com.br\/wp-json\/wp\/v2\/posts\/14790","targetHints":{"allow":["GET"]}}],"collection":[{"href":"https:\/\/diariodepernambuco.audiencelabs.com.br\/wp-json\/wp\/v2\/posts"}],"about":[{"href":"https:\/\/diariodepernambuco.audiencelabs.com.br\/wp-json\/wp\/v2\/types\/post"}],"author":[{"embeddable":true,"href":"https:\/\/diariodepernambuco.audiencelabs.com.br\/wp-json\/wp\/v2\/users\/4"}],"replies":[{"embeddable":true,"href":"https:\/\/diariodepernambuco.audiencelabs.com.br\/wp-json\/wp\/v2\/comments?post=14790"}],"version-history":[{"count":2,"href":"https:\/\/diariodepernambuco.audiencelabs.com.br\/wp-json\/wp\/v2\/posts\/14790\/revisions"}],"predecessor-version":[{"id":14792,"href":"https:\/\/diariodepernambuco.audiencelabs.com.br\/wp-json\/wp\/v2\/posts\/14790\/revisions\/14792"}],"wp:featuredmedia":[{"embeddable":true,"href":"https:\/\/diariodepernambuco.audiencelabs.com.br\/wp-json\/wp\/v2\/media\/3391"}],"wp:attachment":[{"href":"https:\/\/diariodepernambuco.audiencelabs.com.br\/wp-json\/wp\/v2\/media?parent=14790"}],"wp:term":[{"taxonomy":"category","embeddable":true,"href":"https:\/\/diariodepernambuco.audiencelabs.com.br\/wp-json\/wp\/v2\/categories?post=14790"},{"taxonomy":"post_tag","embeddable":true,"href":"https:\/\/diariodepernambuco.audiencelabs.com.br\/wp-json\/wp\/v2\/tags?post=14790"}],"curies":[{"name":"wp","href":"https:\/\/api.w.org\/{rel}","templated":true}]}}