{"id":14795,"date":"2026-01-26T09:30:00","date_gmt":"2026-01-26T12:30:00","guid":{"rendered":"https:\/\/diariodepernambuco.audiencelabs.com.br\/?p=14795"},"modified":"2026-01-23T12:48:46","modified_gmt":"2026-01-23T15:48:46","slug":"ciclone-causou-devastacao-e-deu-prejuizo-de-1-bilhao-de-euros-neste-pais","status":"publish","type":"post","link":"https:\/\/diariodepernambuco.audiencelabs.com.br\/ciclone-causou-devastacao-e-deu-prejuizo-de-1-bilhao-de-euros-neste-pais\/","title":{"rendered":"Ciclone causou devasta\u00e7\u00e3o e deu preju\u00edzo de 1 bilh\u00e3o de euros neste pa\u00eds"},"content":{"rendered":"\n<p>A avalia\u00e7\u00e3o inicial dos estragos causados pelo ciclone Harry no sul da It\u00e1lia indica preju\u00edzos superiores a 1 bilh\u00e3o de euros \u2014 mais de R$ 6,3 bilh\u00f5es \u2014 somente na Sic\u00edlia, al\u00e9m de perdas que somam centenas de milh\u00f5es de euros na Sardenha. Os dados foram divulgados na \u00faltima quinta-feira (22) pelas autoridades regionais.<\/p>\n\n\n\n<p>Na Sic\u00edlia, o governador Renato Schifani afirmou que um balan\u00e7o preliminar elaborado pelo Departamento Regional de Prote\u00e7\u00e3o Civil estima danos de 740 milh\u00f5es de euros. Ainda assim, o valor total deve ultrapassar 1 bilh\u00e3o de euros com a inclus\u00e3o das compensa\u00e7\u00f5es por lucros cessantes das empresas afetadas.<\/p>\n\n\n\n<p>A governadora da Sardenha, Alessandra Todde, informou que a situa\u00e7\u00e3o na ilha segue sob monitoramento e estimou que os preju\u00edzos cheguem a centenas de milh\u00f5es de euros. O fen\u00f4meno clim\u00e1tico tamb\u00e9m atingiu a regi\u00e3o da Cal\u00e1bria na \u00faltima ter\u00e7a-feira (20). Apesar de n\u00e3o haver registro de v\u00edtimas, o ciclone causou danos significativos \u00e0 infraestrutura, a estabelecimentos comerciais, resid\u00eancias e portos.<\/p>\n\n\n\n<p>As ondas intensas afundaram embarca\u00e7\u00f5es e arrastaram barcos para ruas e avenidas. Como consequ\u00eancia, as atividades do setor pesqueiro permanecem suspensas. Na Sic\u00edlia, pequenos pescadores enfrentam s\u00e9rias dificuldades, j\u00e1 que o mar avan\u00e7ou cerca de 1,5 metro sobre a faixa de areia, criando um desn\u00edvel que pode inviabilizar o trabalho por v\u00e1rios meses.<\/p>\n\n\n\n<h2 class=\"wp-block-heading\">Tempestade extrema exp\u00f5e vulnerabilidade do litoral italiano<\/h2>\n\n\n\n<p>O ciclone Harry se destacou pela for\u00e7a incomum e pelo impacto em m\u00faltiplas regi\u00f5es do sul da It\u00e1lia, atingindo principalmente Sic\u00edlia, Sardenha e Cal\u00e1bria. O sistema provocou ventos intensos, chuvas volumosas e ondas violentas, causando destrui\u00e7\u00e3o em portos, \u00e1reas costeiras e zonas urbanas, al\u00e9m de interromper atividades econ\u00f4micas essenciais, como a pesca.<\/p>\n\n\n\n<p>Especialistas apontam que eventos desse tipo tendem a se tornar mais frequentes e severos, impulsionados pelo aquecimento do Mediterr\u00e2neo e pelas mudan\u00e7as clim\u00e1ticas. O epis\u00f3dio reacende o debate sobre a necessidade de investimentos em preven\u00e7\u00e3o, infraestrutura resiliente e planos de resposta r\u00e1pida para reduzir os preju\u00edzos humanos e econ\u00f4micos diante de fen\u00f4menos clim\u00e1ticos extremos.<\/p>\n\n\n\n<p><\/p>\n","protected":false},"excerpt":{"rendered":"<p>A avalia\u00e7\u00e3o inicial dos estragos causados pelo ciclone Harry no sul da It\u00e1lia indica preju\u00edzos superiores a 1 bilh\u00e3o de euros \u2014 mais de R$ 6,3 bilh\u00f5es \u2014 somente na Sic\u00edlia, al\u00e9m de perdas que somam centenas de milh\u00f5es de euros na Sardenha. Os dados foram divulgados na \u00faltima quinta-feira (22) pelas autoridades regionais. Na [&hellip;]<\/p>\n","protected":false},"author":4,"featured_media":14797,"comment_status":"open","ping_status":"open","sticky":false,"template":"","format":"standard","meta":{"jnews-multi-image_gallery":[],"jnews_single_post":{"format":"standard"},"jnews_primary_category":[],"jnews_social_meta":[],"jnews_post_split":[],"footnotes":""},"categories":[1],"tags":[],"class_list":["post-14795","post","type-post","status-publish","format-standard","has-post-thumbnail","hentry","category-uncategorized"],"_links":{"self":[{"href":"https:\/\/diariodepernambuco.audiencelabs.com.br\/wp-json\/wp\/v2\/posts\/14795","targetHints":{"allow":["GET"]}}],"collection":[{"href":"https:\/\/diariodepernambuco.audiencelabs.com.br\/wp-json\/wp\/v2\/posts"}],"about":[{"href":"https:\/\/diariodepernambuco.audiencelabs.com.br\/wp-json\/wp\/v2\/types\/post"}],"author":[{"embeddable":true,"href":"https:\/\/diariodepernambuco.audiencelabs.com.br\/wp-json\/wp\/v2\/users\/4"}],"replies":[{"embeddable":true,"href":"https:\/\/diariodepernambuco.audiencelabs.com.br\/wp-json\/wp\/v2\/comments?post=14795"}],"version-history":[{"count":2,"href":"https:\/\/diariodepernambuco.audiencelabs.com.br\/wp-json\/wp\/v2\/posts\/14795\/revisions"}],"predecessor-version":[{"id":14798,"href":"https:\/\/diariodepernambuco.audiencelabs.com.br\/wp-json\/wp\/v2\/posts\/14795\/revisions\/14798"}],"wp:featuredmedia":[{"embeddable":true,"href":"https:\/\/diariodepernambuco.audiencelabs.com.br\/wp-json\/wp\/v2\/media\/14797"}],"wp:attachment":[{"href":"https:\/\/diariodepernambuco.audiencelabs.com.br\/wp-json\/wp\/v2\/media?parent=14795"}],"wp:term":[{"taxonomy":"category","embeddable":true,"href":"https:\/\/diariodepernambuco.audiencelabs.com.br\/wp-json\/wp\/v2\/categories?post=14795"},{"taxonomy":"post_tag","embeddable":true,"href":"https:\/\/diariodepernambuco.audiencelabs.com.br\/wp-json\/wp\/v2\/tags?post=14795"}],"curies":[{"name":"wp","href":"https:\/\/api.w.org\/{rel}","templated":true}]}}