{"id":14838,"date":"2026-01-26T15:30:00","date_gmt":"2026-01-26T18:30:00","guid":{"rendered":"https:\/\/diariodepernambuco.audiencelabs.com.br\/?p=14838"},"modified":"2026-01-27T09:57:52","modified_gmt":"2026-01-27T12:57:52","slug":"praia-brasileira-e-cercada-por-tubaroes-e-ataques-sao-frequentes","status":"publish","type":"post","link":"https:\/\/diariodepernambuco.audiencelabs.com.br\/praia-brasileira-e-cercada-por-tubaroes-e-ataques-sao-frequentes\/","title":{"rendered":"Praia brasileira \u00e9 cercada por tubar\u00f5es e ataques s\u00e3o frequentes"},"content":{"rendered":"\n<p>Conhecida pela beleza e pelas \u00e1guas quentes, a Praia de Boa Viagem, no Recife, tamb\u00e9m \u00e9 marcada por um hist\u00f3rico que preocupa banhistas. Ao longo dos anos, o local se tornou um dos trechos do litoral brasileiro com mais registros de ataques de tubar\u00e3o, consequ\u00eancia de mudan\u00e7as ambientais e interven\u00e7\u00f5es humanas que alteraram o equil\u00edbrio do ecossistema marinho.<\/p>\n\n\n\n<p>Os primeiros casos come\u00e7aram a ser registrados com maior frequ\u00eancia a partir da d\u00e9cada de 1990, quando obras no litoral e no Porto de Suape modificaram rotas naturais dos tubar\u00f5es. Essas mudan\u00e7as, somadas \u00e0 presen\u00e7a de canais profundos pr\u00f3ximos \u00e0 costa e \u00e0 redu\u00e7\u00e3o de presas naturais, aproximaram os animais da faixa de areia, aumentando o risco de encontros com banhistas.<\/p>\n\n\n\n<p>Desde ent\u00e3o, Boa Viagem passou a adotar medidas de preven\u00e7\u00e3o, como placas de alerta, monitoramento constante e campanhas educativas que orientam a popula\u00e7\u00e3o a evitar o banho de mar em determinados hor\u00e1rios e condi\u00e7\u00f5es. Mesmo assim, os registros continuam esporadicamente, mantendo a praia sob aten\u00e7\u00e3o permanente das autoridades.<\/p>\n\n\n\n<p>Diante desse cen\u00e1rio, Boa Viagem se tornou um exemplo claro de como altera\u00e7\u00f5es no meio ambiente podem gerar impactos duradouros na conviv\u00eancia entre humanos e vida marinha. A combina\u00e7\u00e3o de informa\u00e7\u00e3o, respeito \u00e0s orienta\u00e7\u00f5es de seguran\u00e7a e pol\u00edticas p\u00fablicas voltadas \u00e0 preserva\u00e7\u00e3o ambiental \u00e9 fundamental para reduzir riscos e proteger banhistas.<\/p>\n\n\n\n<h2 class=\"wp-block-heading\">Casos que marcaram a hist\u00f3ria de Boa Viagem<\/h2>\n\n\n<style>@media (min-width: 992px) {\n    .recomendadorV2Area1 {\n        width: 280px;\n    }\n    .recomendadorV2Area2 {\n        padding: 0px 20px;\n        width: calc(100% - 280px);\n    }\n}\n\n@media (max-width: 992px) {\n    .recomendadorV2Button {\n        margin: 0 auto;\n    }\n    .recomendadorV2Area {\n        flex-direction: column;\n        text-align: center;\n    }\n    .recomendadorV2Area2 {\n        padding: 0px 20px;\n    }\n}\n\n.recomendadorV2Area {\n    background: #eeeeee3d;\n    border-radius: 10px;\n    padding: 15px;\n    display: flex;\n    margin: 15px auto;\n    border: 1px solid #00000014;\n    max-width: 800px;\n}\n\n.recomendadorV2Area1 img {\n    width: 280px;\n    height: auto;\n    border-radius: 8px;\n}\n\n.linkrecomendadorv2 {\n    text-decoration: none !important;\n}\n\n.recomendadorV2Area2 .recomendadorV2Type {\n    text-transform: uppercase;\n    font-weight: 500;\n    font-size: 11px;\n    letter-spacing: 2px;\n    color: #666;\n    margin: 12px 0;\n    display: block;\n}\n\n.recomendadorV2Title h2 {\n    padding-top: 0px !important;\n    margin: 0px !important;\n    border-left: none !important;\n    padding-left: 0px !important;\n    line-height: 1.3;\n    color: #000 !important;\n    font-size: 24px;\n    margin-bottom: 12px !important;\n}\n\n.recomendadorV2Desc {\n    color: #333;\n    margin: 12px 0px !important;\n    font-size: 15px;\n    line-height: 1.5;\n}\n\n.recomendadorV2Button {\n    width: auto;\n    max-width: 200px;\n    margin: 0;\n    display: inline-flex;\n    align-items: center;\n    background: #1D3557;\n    border-radius: 8px;\n    color: #fff;\n    height: 36px;\n    justify-content: center;\n    text-align: center;\n    font-size: 14px;\n    padding: 0 20px;\n    transition: background-color 0.2s ease;\n}\n\n.recomendadorV2Button:hover {\n    background: #2a4d7a;\n}\n\n.recomendadorV2Button:after {\n    margin-top: -2px;\n    content: \"\u2192\";\n    padding: 0px 0px 0px 8px;\n}\n\n.recomendadorV2Alert {\n    text-align: left;\n    font-size: 11px;\n    margin-top: 8px;\n    color: #666;\n}\n\n.recomendadorFixedArea {\n    width: 100%;\n    display: flex;\n    justify-content: center;\n    align-items: center;\n}\n\n@media (min-width: 992px) {\n    #recomendadorFixed {\n        width: 32% !important;\n        left: 5%;\n    }\n    .recomendadorCloseFixed{\n        right: inherit !important;\n        left: 378px !important;\n    }\n}\n\n#recomendadorFixed {\n    width: 90%;\n    box-shadow: 0 10px 20px 0px #00000057;\n    display: none;\n    height: 90px;\n    background: #F6F6F6;\n    position: fixed;\n    flex-direction: row;\n    bottom: 10px;\n    z-index: 9999;\n    border-radius: 16px;\n    padding: 7px 10px;\n}\n\n.recomendadorLeftArea {\n    width: 160px;\n}\n\n.recomendadorRightArea h2 {\n    padding-top: 0px;\n    margin: 2px 0px 4px 0px !important;\n    font-weight: 400;\n    text-align: center;\n    padding-left: 0px !important;\n    color: #000 !important;\n    border-left: none !important;\n    line-height: 20px;\n    font-size: 12px !important;\n}\n\n.recomendadorImgFixed {\n    overflow: hidden;\n    padding: 8px 6px;\n    height: 100%;\n}\n\n.recomendadorImgFixed img {\n    height: 100% !important;\n    border-radius: 16px;\n}\n\n.recomendadorRightArea {\n    padding-top: 6px;\n    display: flex;\n    width: calc(100% - 130px);\n    justify-content: space-between;\n    align-items: center;\n    flex-direction: column;\n}\n\n.recomendadorButtonFixed {\n    margin: 0 auto;\n    background: #1D3557;\n    width: 80%;\n    text-align: center;\n    font-size: 10px;\n    color: #FFF;\n    padding: 2px 10px;\n    border-radius: 3px;\n}\n\n.recomendadorButtonFixed:after {\n    margin-top: -3px;\n    content: \"\u2192\";\n    padding: 0px 0px 0px 10px;\n}\n\n.recomendadorAlertFixed {\n    font-weight: 400;\n    text-align: center;\n    color: #484848;\n    font-size: 8px;\n}\n\n.recomendadorCloseFixed {\n    z-index: 99999;\n    display: none;\n    right: 0px;\n    left: inherit;\n    bottom: 99px;\n    position: fixed;\n    justify-content: center;\n    background: #F6F6F6;\n    width: 25px;\n    align-items: center;\n    height: 25px;\n    font-weight: 800;\n    border-radius: 50%;\n    border: 1px solid #EBEBEB;\n}\n\n.recomendadorV2Desc{\n    color: #000000;\n    margin: 20px 0px;\n}\n\n@media (max-width: 576px) {\n    .recomendadorV2Area {\n      padding: 10px;\n      max-width: 100%;\n    }\n  \n    .recomendadorV2Area1 img {\n      width: 100%;\n      border-radius: 6px;\n    }\n  \n    .recomendadorV2Area2 .recomendadorV2Type {\n      font-size: 9px;\n      letter-spacing: 1px;\n      margin: 8px 0;\n    }\n  \n    .recomendadorV2Title h2 {\n      font-size: 18px !important;\n      margin-bottom: 8px !important;\n      line-height: 1.2;\n    }\n  \n    .recomendadorV2Desc {\n      font-size: 14px;\n      margin: 8px 0 !important;\n      line-height: 1.4;\n    }\n  \n    .recomendadorV2Button {\n      font-size: 12px;\n      height: 30px;\n      padding: 0 12px;\n      max-width: 160px;\n    }\n  \n    .recomendadorV2Button:after {\n      padding-left: 6px;\n    }\n  }\n  <\/style>\n        <div class=\"lazyblock-recomendador-v2-2jDGz wp-block-lazyblock-recomendador-v2\">\n        <a class=\"linkrecomendadorv2\" href=\"https:\/\/diariodepernambuco.com.br\/dpmais\/animal-mais-perigoso-da-amazonia-mata-10-pessoas-com-veneno-e-tem-tamanho-de-um-filhote-de-gato\/?utm_source=lazy\" target=\"_blank\" rel=\"noopener\">\n            <div class=\"recomendadorV2Area\">\n            <div class=\"recomendadorV2Area1\">\n                <div class=\"recomendadorV2Img\">\n                <img class=\"lazyloaded\" decoding=\"async\" src=\"https:\/\/diariodepernambuco.com.br\/dpmais\/wp-content\/uploads\/2026\/01\/frog-5437468_640-640x375.jpg\" data-src=\"https:\/\/diariodepernambuco.com.br\/dpmais\/wp-content\/uploads\/2026\/01\/frog-5437468_640-640x375.jpg\" alt=\"\">\n                <\/div>\n            <\/div>\n            <div class=\"recomendadorV2Area2\">\n                <div class=\"recomendadorV2Type\">\n                    <span>Animal Perigoso<\/span>\n                <\/div>\n                <div class=\"recomendadorV2Title\">\n                <h2><span>Animal mais perigoso da Amaz\u00f4nia mata 10 pessoas \ud83d\udc38<\/span><\/h2>\n                <\/div>\n                <div class=\"recomendadorV2Desc\">\n                <span>Conhe\u00e7a o veneno letal do pequeno anf\u00edbio<\/span>\n                <\/div>\n                <div class=\"recomendadorV2Button\">Leia agora \ud83d\udc49<\/div>\n                <div class=\"recomendadorV2Alert\"><\/div>\n            <\/div>\n            <\/div>\n        <\/a>\n        <div>\n            <div style=\"z-index:99999;\" id=\"buttonClose\" onclick=\"closeRecomendadorFixed()\">\n            <div class=\"recomendadorCloseFixed\">X<\/div>\n            <\/div>\n            <a href=\"https:\/\/diariodepernambuco.com.br\/dpmais\/animal-mais-perigoso-da-amazonia-mata-10-pessoas-com-veneno-e-tem-tamanho-de-um-filhote-de-gato\/?utm_source=lazy\" target=\"_blank\" rel=\"noopener\">\n            <div class=\"recomendadorFixedArea\">\n                <div id=\"recomendadorFixed\">\n                <div class=\"recomendadorLeftArea\">\n                    <div class=\"recomendadorImgFixed\">\n                    <img class=\"lazyload\" decoding=\"async\" src=\"https:\/\/diariodepernambuco.com.br\/dpmais\/wp-content\/uploads\/2026\/01\/frog-5437468_640-640x375.jpg\" alt=\"\">\n                    <\/div>\n                <\/div>\n                <div class=\"recomendadorRightArea\">\n                    <div class=\"recomendadorTitleFixed\">\n                    <h2><span>Animal mais perigoso da Amaz\u00f4nia mata 10 pessoas \ud83d\udc38<\/span><\/h2>\n                    <\/div>\n                    <div class=\"recomendadorButtonFixed\">Leia agora \ud83d\udc49<\/div>\n                    <div class=\"recomendadorAlertFixed\"><\/div>\n                <\/div>\n                <\/div>\n            <\/div>\n            <\/a>\n        <\/div>\n        <\/div>\n\n\n\n<p>Ao longo das \u00faltimas d\u00e9cadas, a Praia de Boa Viagem acumulou epis\u00f3dios que ficaram marcados na mem\u00f3ria dos recifenses e ganharam repercuss\u00e3o nacional. Desde os anos 1990, ataques envolvendo principalmente tubar\u00f5es das esp\u00e9cies cabe\u00e7a-chata e tigre resultaram em ferimentos graves e mortes, transformando o local em refer\u00eancia quando o assunto \u00e9 risco de ataques no Brasil.<\/p>\n\n\n\n<p>Alguns desses casos tiveram grande impacto pela gravidade e pelas circunst\u00e2ncias em que ocorreram, muitas vezes em \u00e1reas rasas e pr\u00f3ximas \u00e0 faixa de areia. Os epis\u00f3dios ajudaram a impulsionar medidas de preven\u00e7\u00e3o, estudos cient\u00edficos e alertas permanentes, al\u00e9m de mudar a forma como moradores e turistas passaram a enxergar o banho de mar em Boa Viagem.<\/p>\n","protected":false},"excerpt":{"rendered":"<p>Conhecida pela beleza e pelas \u00e1guas quentes, a Praia de Boa Viagem, no Recife, tamb\u00e9m \u00e9 marcada por um hist\u00f3rico que preocupa banhistas. Ao longo dos anos, o local se tornou um dos trechos do litoral brasileiro com mais registros de ataques de tubar\u00e3o, consequ\u00eancia de mudan\u00e7as ambientais e interven\u00e7\u00f5es humanas que alteraram o equil\u00edbrio [&hellip;]<\/p>\n","protected":false},"author":4,"featured_media":14840,"comment_status":"open","ping_status":"open","sticky":false,"template":"","format":"standard","meta":{"jnews-multi-image_gallery":[],"jnews_single_post":{"format":"standard"},"jnews_primary_category":[],"jnews_social_meta":[],"jnews_post_split":[],"footnotes":""},"categories":[1],"tags":[],"class_list":["post-14838","post","type-post","status-publish","format-standard","has-post-thumbnail","hentry","category-uncategorized"],"_links":{"self":[{"href":"https:\/\/diariodepernambuco.audiencelabs.com.br\/wp-json\/wp\/v2\/posts\/14838","targetHints":{"allow":["GET"]}}],"collection":[{"href":"https:\/\/diariodepernambuco.audiencelabs.com.br\/wp-json\/wp\/v2\/posts"}],"about":[{"href":"https:\/\/diariodepernambuco.audiencelabs.com.br\/wp-json\/wp\/v2\/types\/post"}],"author":[{"embeddable":true,"href":"https:\/\/diariodepernambuco.audiencelabs.com.br\/wp-json\/wp\/v2\/users\/4"}],"replies":[{"embeddable":true,"href":"https:\/\/diariodepernambuco.audiencelabs.com.br\/wp-json\/wp\/v2\/comments?post=14838"}],"version-history":[{"count":3,"href":"https:\/\/diariodepernambuco.audiencelabs.com.br\/wp-json\/wp\/v2\/posts\/14838\/revisions"}],"predecessor-version":[{"id":15147,"href":"https:\/\/diariodepernambuco.audiencelabs.com.br\/wp-json\/wp\/v2\/posts\/14838\/revisions\/15147"}],"wp:featuredmedia":[{"embeddable":true,"href":"https:\/\/diariodepernambuco.audiencelabs.com.br\/wp-json\/wp\/v2\/media\/14840"}],"wp:attachment":[{"href":"https:\/\/diariodepernambuco.audiencelabs.com.br\/wp-json\/wp\/v2\/media?parent=14838"}],"wp:term":[{"taxonomy":"category","embeddable":true,"href":"https:\/\/diariodepernambuco.audiencelabs.com.br\/wp-json\/wp\/v2\/categories?post=14838"},{"taxonomy":"post_tag","embeddable":true,"href":"https:\/\/diariodepernambuco.audiencelabs.com.br\/wp-json\/wp\/v2\/tags?post=14838"}],"curies":[{"name":"wp","href":"https:\/\/api.w.org\/{rel}","templated":true}]}}