{"id":14844,"date":"2026-01-26T15:00:00","date_gmt":"2026-01-26T18:00:00","guid":{"rendered":"https:\/\/diariodepernambuco.audiencelabs.com.br\/?p=14844"},"modified":"2026-01-23T15:57:30","modified_gmt":"2026-01-23T18:57:30","slug":"governo-vai-investir-mais-de-r-1-bilhao-para-contratar-servidores","status":"publish","type":"post","link":"https:\/\/diariodepernambuco.audiencelabs.com.br\/governo-vai-investir-mais-de-r-1-bilhao-para-contratar-servidores\/","title":{"rendered":"Governo vai investir mais de R$ 1 bilh\u00e3o para contratar servidores"},"content":{"rendered":"\n<p>A Lei Or\u00e7ament\u00e1ria Anual (LOA) de 2026 estima um impacto de R$ 1,5 bilh\u00e3o nas contas p\u00fablicas com a contrata\u00e7\u00e3o de novos servidores e destina R$ 545 mil ao pagamento de gratifica\u00e7\u00f5es para funcion\u00e1rios do Poder Executivo. O texto foi sancionado pelo presidente Luiz In\u00e1cio Lula da Silva (PT) e autoriza a cria\u00e7\u00e3o de mais de 78 mil vagas no Executivo ao longo deste ano.<\/p>\n\n\n\n<p>Ao todo, est\u00e3o previstas 78.674 vagas para a cria\u00e7\u00e3o de novos cargos e 85.128 destinadas ao provimento, ou seja, \u00e0 nomea\u00e7\u00e3o de candidatos aprovados em concursos anteriores, incluindo o Concurso Nacional Unificado (CNU). O Minist\u00e9rio da Gest\u00e3o e da Inova\u00e7\u00e3o (MGI) informou que, no \u00e2mbito do Poder Executivo, a proposta autoriza a cria\u00e7\u00e3o de at\u00e9 75,5 mil cargos e gratifica\u00e7\u00f5es.<\/p>\n\n\n\n<p>Entre as oportunidades previstas est\u00e3o vagas para professores universit\u00e1rios, t\u00e9cnicos em educa\u00e7\u00e3o, analistas e especialistas em \u00f3rg\u00e3os como a Anvisa e os Institutos Federais. Do total de 75,5 mil autoriza\u00e7\u00f5es, 36,9 mil correspondem a gratifica\u00e7\u00f5es destinadas a servidores p\u00fablicos.<\/p>\n\n\n\n<p>O minist\u00e9rio ressalta que a LOA tem car\u00e1ter autorizativo, ou seja, estabelece as despesas que podem ser executadas, mas a cria\u00e7\u00e3o efetiva de cargos depende de aprova\u00e7\u00e3o do Congresso Nacional. J\u00e1 o provimento diz respeito a cargos j\u00e1 existentes, que podem ser ocupados mediante autoriza\u00e7\u00e3o do MGI ou por meio de concursos p\u00fablicos realizados neste ano ou nos pr\u00f3ximos.<\/p>\n\n\n\n<h2 class=\"wp-block-heading\">Veja como a LOA impacta a contrata\u00e7\u00e3o de servidores p\u00fablicos<\/h2>\n\n\n\n<ul class=\"wp-block-list\">\n<li>A Lei Or\u00e7ament\u00e1ria Anual estabelece quanto e em que \u00e1reas o governo pode gastar no ano seguinte, detalhando despesas com pol\u00edticas p\u00fablicas, investimentos e pessoal, incluindo sal\u00e1rios e contrata\u00e7\u00f5es.<\/li>\n<\/ul>\n\n\n\n<ul class=\"wp-block-list\">\n<li>Sem a previs\u00e3o na LOA, o governo n\u00e3o pode criar cargos nem contratar servidores, j\u00e1 que a lei \u00e9 o instrumento que autoriza oficialmente qualquer gasto com novas vagas no servi\u00e7o p\u00fablico.<\/li>\n<\/ul>\n\n\n\n<ul class=\"wp-block-list\">\n<li>A realiza\u00e7\u00e3o de concursos e a nomea\u00e7\u00e3o de aprovados s\u00f3 avan\u00e7am quando h\u00e1 dota\u00e7\u00e3o or\u00e7ament\u00e1ria definida; sem a reserva de recursos, os certames podem ser adiados ou ter o n\u00famero de vagas reduzido.<\/li>\n<\/ul>\n\n\n\n<ul class=\"wp-block-list\">\n<li>Al\u00e9m disso, a LOA precisa cumprir regras fiscais, como o teto de gastos e os limites da Lei de Responsabilidade Fiscal, o que influencia diretamente a quantidade de vagas e o ritmo das contrata\u00e7\u00f5es.<\/li>\n<\/ul>\n\n\n\n<ul class=\"wp-block-list\">\n<li>Ap\u00f3s a aprova\u00e7\u00e3o pelo Congresso, a LOA funciona como um \u201csinal verde\u201d para o planejamento do Estado, permitindo que minist\u00e9rios e \u00f3rg\u00e3os saibam se ter\u00e3o or\u00e7amento dispon\u00edvel para refor\u00e7ar seus quadros ao longo do ano.<\/li>\n<\/ul>\n\n\n\n<p><\/p>\n","protected":false},"excerpt":{"rendered":"<p>A Lei Or\u00e7ament\u00e1ria Anual (LOA) de 2026 estima um impacto de R$ 1,5 bilh\u00e3o nas contas p\u00fablicas com a contrata\u00e7\u00e3o de novos servidores e destina R$ 545 mil ao pagamento de gratifica\u00e7\u00f5es para funcion\u00e1rios do Poder Executivo. O texto foi sancionado pelo presidente Luiz In\u00e1cio Lula da Silva (PT) e autoriza a cria\u00e7\u00e3o de mais [&hellip;]<\/p>\n","protected":false},"author":4,"featured_media":14848,"comment_status":"open","ping_status":"open","sticky":false,"template":"","format":"standard","meta":{"jnews-multi-image_gallery":[],"jnews_single_post":{"format":"standard"},"jnews_primary_category":[],"jnews_social_meta":[],"jnews_post_split":[],"footnotes":""},"categories":[1],"tags":[],"class_list":["post-14844","post","type-post","status-publish","format-standard","has-post-thumbnail","hentry","category-uncategorized"],"_links":{"self":[{"href":"https:\/\/diariodepernambuco.audiencelabs.com.br\/wp-json\/wp\/v2\/posts\/14844","targetHints":{"allow":["GET"]}}],"collection":[{"href":"https:\/\/diariodepernambuco.audiencelabs.com.br\/wp-json\/wp\/v2\/posts"}],"about":[{"href":"https:\/\/diariodepernambuco.audiencelabs.com.br\/wp-json\/wp\/v2\/types\/post"}],"author":[{"embeddable":true,"href":"https:\/\/diariodepernambuco.audiencelabs.com.br\/wp-json\/wp\/v2\/users\/4"}],"replies":[{"embeddable":true,"href":"https:\/\/diariodepernambuco.audiencelabs.com.br\/wp-json\/wp\/v2\/comments?post=14844"}],"version-history":[{"count":2,"href":"https:\/\/diariodepernambuco.audiencelabs.com.br\/wp-json\/wp\/v2\/posts\/14844\/revisions"}],"predecessor-version":[{"id":14851,"href":"https:\/\/diariodepernambuco.audiencelabs.com.br\/wp-json\/wp\/v2\/posts\/14844\/revisions\/14851"}],"wp:featuredmedia":[{"embeddable":true,"href":"https:\/\/diariodepernambuco.audiencelabs.com.br\/wp-json\/wp\/v2\/media\/14848"}],"wp:attachment":[{"href":"https:\/\/diariodepernambuco.audiencelabs.com.br\/wp-json\/wp\/v2\/media?parent=14844"}],"wp:term":[{"taxonomy":"category","embeddable":true,"href":"https:\/\/diariodepernambuco.audiencelabs.com.br\/wp-json\/wp\/v2\/categories?post=14844"},{"taxonomy":"post_tag","embeddable":true,"href":"https:\/\/diariodepernambuco.audiencelabs.com.br\/wp-json\/wp\/v2\/tags?post=14844"}],"curies":[{"name":"wp","href":"https:\/\/api.w.org\/{rel}","templated":true}]}}