{"id":14852,"date":"2026-01-26T16:00:00","date_gmt":"2026-01-26T19:00:00","guid":{"rendered":"https:\/\/diariodepernambuco.audiencelabs.com.br\/?p=14852"},"modified":"2026-01-23T16:09:07","modified_gmt":"2026-01-23T19:09:07","slug":"derretimento-da-groenlandia-estudo-causa-preocupacao-para-o-futuro","status":"publish","type":"post","link":"https:\/\/diariodepernambuco.audiencelabs.com.br\/derretimento-da-groenlandia-estudo-causa-preocupacao-para-o-futuro\/","title":{"rendered":"Derretimento da Groenl\u00e2ndia: estudo causa preocupa\u00e7\u00e3o para o futuro"},"content":{"rendered":"\n<p>As mudan\u00e7as clim\u00e1ticas t\u00eam provocado impactos severos nas geleiras de altas latitudes, configurando um dos maiores desafios ambientais atuais. Um estudo aponta a dimens\u00e3o do problema em um dos principais reservat\u00f3rios de gelo do planeta: na Groenl\u00e2ndia, a segunda maior camada de gelo do mundo, mais de 1.000 gigatoneladas de gelo foram perdidas entre 1985 e 2022.<\/p>\n\n\n\n<p>Essa perda corresponde ao derretimento de mais de 5 mil quil\u00f4metros quadrados de \u00e1rea \u2014 o equivalente a cerca de tr\u00eas cidades de S\u00e3o Paulo. O artigo, publicado na revista Nature, aponta ainda que o processo se intensificou ap\u00f3s a virada do s\u00e9culo, quando a m\u00e9dia anual de gelo perdido passou a alcan\u00e7ar 218 quil\u00f4metros quadrados.<\/p>\n\n\n\n<p>O estudo tamb\u00e9m aponta que as calotas polares da regi\u00e3o perdem, em m\u00e9dia, 30 milh\u00f5es de toneladas de gelo por hora \u2014 cerca de 20% acima do previsto. Apesar de indicar que quase todas as geleiras da regi\u00e3o aut\u00f4noma apresentaram redu\u00e7\u00e3o de \u00e1rea, a pesquisa destaca que o volume de gelo perdido ainda n\u00e3o \u00e9 suficiente para elevar os n\u00edveis dos oceanos.<\/p>\n\n\n\n<p>\u201cA perda de massa que relatamos teve um impacto direto m\u00ednimo no n\u00edvel global do mar, mas \u00e9 suficiente para afetar a circula\u00e7\u00e3o oce\u00e2nica e a distribui\u00e7\u00e3o de energia t\u00e9rmica em todo o mundo\u201d, diz o documento.<\/p>\n\n\n\n<h2 class=\"wp-block-heading\">Sinais de alerta para o equil\u00edbrio clim\u00e1tico global<\/h2>\n\n\n\n<p>Os pesquisadores ressaltam que, mesmo sem provocar uma eleva\u00e7\u00e3o imediata do n\u00edvel do mar, a perda acelerada de gelo na Groenl\u00e2ndia j\u00e1 interfere em sistemas fundamentais do planeta. Altera\u00e7\u00f5es na circula\u00e7\u00e3o oce\u00e2nica e na distribui\u00e7\u00e3o de calor podem desencadear mudan\u00e7as no clima de diferentes regi\u00f5es, afetando padr\u00f5es de temperatura, ventos e precipita\u00e7\u00e3o.<\/p>\n\n\n\n<p>O estudo refor\u00e7a que a continuidade desse processo representa um risco crescente a m\u00e9dio e longo prazo. Caso o ritmo de derretimento se mantenha ou se intensifique, os impactos podem deixar de ser apenas indiretos, passando a influenciar diretamente o n\u00edvel dos oceanos e a estabilidade clim\u00e1tica global, ampliando as preocupa\u00e7\u00f5es para as pr\u00f3ximas d\u00e9cadas.<\/p>\n\n\n\n<p><\/p>\n","protected":false},"excerpt":{"rendered":"<p>As mudan\u00e7as clim\u00e1ticas t\u00eam provocado impactos severos nas geleiras de altas latitudes, configurando um dos maiores desafios ambientais atuais. Um estudo aponta a dimens\u00e3o do problema em um dos principais reservat\u00f3rios de gelo do planeta: na Groenl\u00e2ndia, a segunda maior camada de gelo do mundo, mais de 1.000 gigatoneladas de gelo foram perdidas entre 1985 [&hellip;]<\/p>\n","protected":false},"author":4,"featured_media":14855,"comment_status":"open","ping_status":"open","sticky":false,"template":"","format":"standard","meta":{"jnews-multi-image_gallery":[],"jnews_single_post":{"format":"standard"},"jnews_primary_category":[],"jnews_social_meta":[],"jnews_post_split":[],"footnotes":""},"categories":[1],"tags":[],"class_list":["post-14852","post","type-post","status-publish","format-standard","has-post-thumbnail","hentry","category-uncategorized"],"_links":{"self":[{"href":"https:\/\/diariodepernambuco.audiencelabs.com.br\/wp-json\/wp\/v2\/posts\/14852","targetHints":{"allow":["GET"]}}],"collection":[{"href":"https:\/\/diariodepernambuco.audiencelabs.com.br\/wp-json\/wp\/v2\/posts"}],"about":[{"href":"https:\/\/diariodepernambuco.audiencelabs.com.br\/wp-json\/wp\/v2\/types\/post"}],"author":[{"embeddable":true,"href":"https:\/\/diariodepernambuco.audiencelabs.com.br\/wp-json\/wp\/v2\/users\/4"}],"replies":[{"embeddable":true,"href":"https:\/\/diariodepernambuco.audiencelabs.com.br\/wp-json\/wp\/v2\/comments?post=14852"}],"version-history":[{"count":2,"href":"https:\/\/diariodepernambuco.audiencelabs.com.br\/wp-json\/wp\/v2\/posts\/14852\/revisions"}],"predecessor-version":[{"id":14858,"href":"https:\/\/diariodepernambuco.audiencelabs.com.br\/wp-json\/wp\/v2\/posts\/14852\/revisions\/14858"}],"wp:featuredmedia":[{"embeddable":true,"href":"https:\/\/diariodepernambuco.audiencelabs.com.br\/wp-json\/wp\/v2\/media\/14855"}],"wp:attachment":[{"href":"https:\/\/diariodepernambuco.audiencelabs.com.br\/wp-json\/wp\/v2\/media?parent=14852"}],"wp:term":[{"taxonomy":"category","embeddable":true,"href":"https:\/\/diariodepernambuco.audiencelabs.com.br\/wp-json\/wp\/v2\/categories?post=14852"},{"taxonomy":"post_tag","embeddable":true,"href":"https:\/\/diariodepernambuco.audiencelabs.com.br\/wp-json\/wp\/v2\/tags?post=14852"}],"curies":[{"name":"wp","href":"https:\/\/api.w.org\/{rel}","templated":true}]}}