{"id":14892,"date":"2026-01-24T09:55:00","date_gmt":"2026-01-24T12:55:00","guid":{"rendered":"https:\/\/diariodepernambuco.audiencelabs.com.br\/?p=14892"},"modified":"2026-01-23T19:45:58","modified_gmt":"2026-01-23T22:45:58","slug":"governo-federal-muda-regra-do-vale-alimentacao-no-brasil","status":"publish","type":"post","link":"https:\/\/diariodepernambuco.audiencelabs.com.br\/governo-federal-muda-regra-do-vale-alimentacao-no-brasil\/","title":{"rendered":"Governo Federal muda regra do Vale Alimenta\u00e7\u00e3o no Brasil"},"content":{"rendered":"\n<p>As novas regras para o vale-refei\u00e7\u00e3o e o vale-alimenta\u00e7\u00e3o devem impactar um mercado bilion\u00e1rio e fortemente concentrado. De acordo com Stefano Ribeiro, atualmente quatro empresas det\u00eam cerca de 80% do setor, que atende aproximadamente 22 milh\u00f5es de trabalhadores no Brasil \u2014 em sua maioria com renda de at\u00e9 cinco sal\u00e1rios m\u00ednimos.<\/p>\n\n\n\n<p>A proposta do governo \u00e9 romper esse oligop\u00f3lio e estimular a concorr\u00eancia. A principal mudan\u00e7a, prevista para entrar em vigor a partir de fevereiro, \u00e9 a amplia\u00e7\u00e3o da liberdade de escolha: o trabalhador poder\u00e1 selecionar a operadora do benef\u00edcio e transferir tanto os saldos j\u00e1 acumulados quanto os cr\u00e9ditos futuros.<\/p>\n\n\n\n<p>Para bares, restaurantes e mercados, a mudan\u00e7a tem efeito direto no caixa. As taxas cobradas pelas operadoras passar\u00e3o a ter um teto de 3,6%, bem abaixo dos percentuais que chegavam a 10%, al\u00e9m da proibi\u00e7\u00e3o do chamado rebate \u2014 pr\u00e1tica em que descontos concedidos \u00e0s empresas eram compensados com tarifas mais altas cobradas dos estabelecimentos.<\/p>\n\n\n\n<p>Com as novas regras, o governo busca tornar o sistema de vale-alimenta\u00e7\u00e3o mais equilibrado, transparente e competitivo, beneficiando trabalhadores, estabelecimentos e o pr\u00f3prio mercado. A expectativa \u00e9 que a maior concorr\u00eancia reduza custos, amplie op\u00e7\u00f5es e melhore o servi\u00e7o oferecido, ao mesmo tempo em que diminui distor\u00e7\u00f5es hist\u00f3ricas em um setor que movimenta bilh\u00f5es.<\/p>\n\n\n\n<h2 class=\"wp-block-heading\">Concorr\u00eancia, economia e efeitos no dia a dia do trabalhador<\/h2>\n\n\n\n<p>A abertura do mercado tende a gerar reflexos diretos na rotina de quem utiliza o vale-alimenta\u00e7\u00e3o e o vale-refei\u00e7\u00e3o. Com mais op\u00e7\u00f5es de operadoras, os trabalhadores ganham poder de escolha, enquanto empresas e estabelecimentos podem se beneficiar de condi\u00e7\u00f5es mais justas, menos taxas e maior previsibilidade nos custos.<\/p>\n\n\n\n<p>Especialistas avaliam que, se bem implementadas, as mudan\u00e7as podem estimular inova\u00e7\u00e3o no setor e ampliar a aceita\u00e7\u00e3o dos benef\u00edcios em diferentes tipos de com\u00e9rcio. O desafio agora ser\u00e1 acompanhar a adapta\u00e7\u00e3o das operadoras \u00e0s novas regras e garantir que a concorr\u00eancia se traduza, de fato, em vantagens concretas para consumidores e neg\u00f3cios.<\/p>\n\n\n\n<p><\/p>\n","protected":false},"excerpt":{"rendered":"<p>As novas regras para o vale-refei\u00e7\u00e3o e o vale-alimenta\u00e7\u00e3o devem impactar um mercado bilion\u00e1rio e fortemente concentrado. De acordo com Stefano Ribeiro, atualmente quatro empresas det\u00eam cerca de 80% do setor, que atende aproximadamente 22 milh\u00f5es de trabalhadores no Brasil \u2014 em sua maioria com renda de at\u00e9 cinco sal\u00e1rios m\u00ednimos. A proposta do governo [&hellip;]<\/p>\n","protected":false},"author":4,"featured_media":9338,"comment_status":"open","ping_status":"open","sticky":false,"template":"","format":"standard","meta":{"jnews-multi-image_gallery":[],"jnews_single_post":{"format":"standard"},"jnews_primary_category":[],"jnews_social_meta":[],"jnews_post_split":[],"footnotes":""},"categories":[1],"tags":[],"class_list":["post-14892","post","type-post","status-publish","format-standard","has-post-thumbnail","hentry","category-uncategorized"],"_links":{"self":[{"href":"https:\/\/diariodepernambuco.audiencelabs.com.br\/wp-json\/wp\/v2\/posts\/14892","targetHints":{"allow":["GET"]}}],"collection":[{"href":"https:\/\/diariodepernambuco.audiencelabs.com.br\/wp-json\/wp\/v2\/posts"}],"about":[{"href":"https:\/\/diariodepernambuco.audiencelabs.com.br\/wp-json\/wp\/v2\/types\/post"}],"author":[{"embeddable":true,"href":"https:\/\/diariodepernambuco.audiencelabs.com.br\/wp-json\/wp\/v2\/users\/4"}],"replies":[{"embeddable":true,"href":"https:\/\/diariodepernambuco.audiencelabs.com.br\/wp-json\/wp\/v2\/comments?post=14892"}],"version-history":[{"count":3,"href":"https:\/\/diariodepernambuco.audiencelabs.com.br\/wp-json\/wp\/v2\/posts\/14892\/revisions"}],"predecessor-version":[{"id":14895,"href":"https:\/\/diariodepernambuco.audiencelabs.com.br\/wp-json\/wp\/v2\/posts\/14892\/revisions\/14895"}],"wp:featuredmedia":[{"embeddable":true,"href":"https:\/\/diariodepernambuco.audiencelabs.com.br\/wp-json\/wp\/v2\/media\/9338"}],"wp:attachment":[{"href":"https:\/\/diariodepernambuco.audiencelabs.com.br\/wp-json\/wp\/v2\/media?parent=14892"}],"wp:term":[{"taxonomy":"category","embeddable":true,"href":"https:\/\/diariodepernambuco.audiencelabs.com.br\/wp-json\/wp\/v2\/categories?post=14892"},{"taxonomy":"post_tag","embeddable":true,"href":"https:\/\/diariodepernambuco.audiencelabs.com.br\/wp-json\/wp\/v2\/tags?post=14892"}],"curies":[{"name":"wp","href":"https:\/\/api.w.org\/{rel}","templated":true}]}}