{"id":14904,"date":"2026-01-24T01:56:00","date_gmt":"2026-01-24T04:56:00","guid":{"rendered":"https:\/\/diariodepernambuco.audiencelabs.com.br\/?p=14904"},"modified":"2026-01-23T21:11:49","modified_gmt":"2026-01-24T00:11:49","slug":"para-onde-vai-o-dinheiro-do-ipva-provavelmente-voce-nao-sabe","status":"publish","type":"post","link":"https:\/\/diariodepernambuco.audiencelabs.com.br\/para-onde-vai-o-dinheiro-do-ipva-provavelmente-voce-nao-sabe\/","title":{"rendered":"Para onde vai o dinheiro do IPVA? Provavelmente voc\u00ea n\u00e3o sabe"},"content":{"rendered":"\n<p>\u00c9 comum que motoristas, ao cumprirem a obriga\u00e7\u00e3o de pagar o IPVA, se sintam indignados ao encontrar problemas nas ruas, como buracos ou sem\u00e1foros quebrados, e questionem: \u201cPago imposto e ele n\u00e3o serve para nada?\u201d. O que muitos n\u00e3o sabem \u00e9 que o valor arrecadado com esse tributo n\u00e3o precisa, necessariamente, ser aplicado em melhorias ligadas ao tr\u00e2nsito ou \u00e0 infraestrutura vi\u00e1ria.<\/p>\n\n\n\n<p>Do total arrecadado com o IPVA, 50% ficam com os estados e os outros 50% s\u00e3o repassados aos munic\u00edpios onde os ve\u00edculos est\u00e3o licenciados. No entanto, a Constitui\u00e7\u00e3o Federal determina que a receita de impostos n\u00e3o pode ser vinculada a um \u00f3rg\u00e3o, fundo, despesa ou pol\u00edtica p\u00fablica espec\u00edfica, com poucas exce\u00e7\u00f5es, como os investimentos obrigat\u00f3rios em sa\u00fade e educa\u00e7\u00e3o.<\/p>\n\n\n\n<p>Na pr\u00e1tica, isso significa que estados e munic\u00edpios podem utilizar os recursos do IPVA para custear diferentes \u00e1reas da administra\u00e7\u00e3o p\u00fablica, como pagamento de servidores, manuten\u00e7\u00e3o de servi\u00e7os essenciais, investimentos em seguran\u00e7a, sa\u00fade, educa\u00e7\u00e3o ou equil\u00edbrio das contas p\u00fablicas.<\/p>\n\n\n\n<p>Ou seja, o imposto entra no caixa geral do governo e passa a compor o or\u00e7amento, sendo distribu\u00eddo conforme as prioridades definidas em cada gest\u00e3o. Por isso, apesar da associa\u00e7\u00e3o direta que muitos fazem entre o IPVA e a conserva\u00e7\u00e3o das vias, n\u00e3o h\u00e1 garantia de que o dinheiro arrecadado ser\u00e1 revertido em melhorias no tr\u00e2nsito ou nas estradas.<\/p>\n\n\n\n<h2 class=\"wp-block-heading\">IPVA e or\u00e7amento p\u00fablico: como os recursos s\u00e3o realmente utilizados<\/h2>\n\n\n\n<p>Embora seja comum associar o IPVA \u00e0 manuten\u00e7\u00e3o de ruas e estradas, o tributo funciona como uma fonte de receita geral para estados e munic\u00edpios. O dinheiro arrecadado passa a integrar o or\u00e7amento p\u00fablico e pode ser destinado a diversas \u00e1reas, como sa\u00fade, educa\u00e7\u00e3o, seguran\u00e7a e pagamento de servidores, de acordo com as prioridades definidas por cada gest\u00e3o.<\/p>\n\n\n\n<p>Al\u00e9m disso, outras fontes espec\u00edficas s\u00e3o respons\u00e1veis por custear obras vi\u00e1rias e manuten\u00e7\u00e3o urbana, como conv\u00eanios, fundos p\u00fablicos e multas de tr\u00e2nsito. Dessa forma, o IPVA contribui para o funcionamento do setor p\u00fablico de forma mais ampla, e n\u00e3o necessariamente para melhorias diretas no tr\u00e2nsito ou na infraestrutura das cidades.<\/p>\n\n\n\n<p><\/p>\n","protected":false},"excerpt":{"rendered":"<p>\u00c9 comum que motoristas, ao cumprirem a obriga\u00e7\u00e3o de pagar o IPVA, se sintam indignados ao encontrar problemas nas ruas, como buracos ou sem\u00e1foros quebrados, e questionem: \u201cPago imposto e ele n\u00e3o serve para nada?\u201d. O que muitos n\u00e3o sabem \u00e9 que o valor arrecadado com esse tributo n\u00e3o precisa, necessariamente, ser aplicado em melhorias [&hellip;]<\/p>\n","protected":false},"author":4,"featured_media":9703,"comment_status":"open","ping_status":"open","sticky":false,"template":"","format":"standard","meta":{"jnews-multi-image_gallery":[],"jnews_single_post":{"format":"standard"},"jnews_primary_category":[],"jnews_social_meta":[],"jnews_post_split":[],"footnotes":""},"categories":[1],"tags":[],"class_list":["post-14904","post","type-post","status-publish","format-standard","has-post-thumbnail","hentry","category-uncategorized"],"_links":{"self":[{"href":"https:\/\/diariodepernambuco.audiencelabs.com.br\/wp-json\/wp\/v2\/posts\/14904","targetHints":{"allow":["GET"]}}],"collection":[{"href":"https:\/\/diariodepernambuco.audiencelabs.com.br\/wp-json\/wp\/v2\/posts"}],"about":[{"href":"https:\/\/diariodepernambuco.audiencelabs.com.br\/wp-json\/wp\/v2\/types\/post"}],"author":[{"embeddable":true,"href":"https:\/\/diariodepernambuco.audiencelabs.com.br\/wp-json\/wp\/v2\/users\/4"}],"replies":[{"embeddable":true,"href":"https:\/\/diariodepernambuco.audiencelabs.com.br\/wp-json\/wp\/v2\/comments?post=14904"}],"version-history":[{"count":2,"href":"https:\/\/diariodepernambuco.audiencelabs.com.br\/wp-json\/wp\/v2\/posts\/14904\/revisions"}],"predecessor-version":[{"id":14907,"href":"https:\/\/diariodepernambuco.audiencelabs.com.br\/wp-json\/wp\/v2\/posts\/14904\/revisions\/14907"}],"wp:featuredmedia":[{"embeddable":true,"href":"https:\/\/diariodepernambuco.audiencelabs.com.br\/wp-json\/wp\/v2\/media\/9703"}],"wp:attachment":[{"href":"https:\/\/diariodepernambuco.audiencelabs.com.br\/wp-json\/wp\/v2\/media?parent=14904"}],"wp:term":[{"taxonomy":"category","embeddable":true,"href":"https:\/\/diariodepernambuco.audiencelabs.com.br\/wp-json\/wp\/v2\/categories?post=14904"},{"taxonomy":"post_tag","embeddable":true,"href":"https:\/\/diariodepernambuco.audiencelabs.com.br\/wp-json\/wp\/v2\/tags?post=14904"}],"curies":[{"name":"wp","href":"https:\/\/api.w.org\/{rel}","templated":true}]}}