{"id":14944,"date":"2026-01-26T11:00:00","date_gmt":"2026-01-26T14:00:00","guid":{"rendered":"https:\/\/diariodepernambuco.audiencelabs.com.br\/?p=14944"},"modified":"2026-01-26T12:08:56","modified_gmt":"2026-01-26T15:08:56","slug":"filipe-luis-se-despede-no-flamengo-apos-primeira-derrota-em-2026","status":"publish","type":"post","link":"https:\/\/diariodepernambuco.audiencelabs.com.br\/filipe-luis-se-despede-no-flamengo-apos-primeira-derrota-em-2026\/","title":{"rendered":"Filipe Lu\u00eds se despede no Flamengo ap\u00f3s primeira derrota em 2026"},"content":{"rendered":"\n<p>Multicampe\u00e3o na temporada de 2025, o t\u00e9cnico Filipe Lu\u00eds iniciou este ano com a esperan\u00e7a de repetir os feitos hist\u00f3ricos. Mas logo em sua segunda partida, o cen\u00e1rio \u00e9 outro: briga contra o rebaixamento em pleno Campeonato Carioca. Dando adeus e se despediu de uma invencibilidade de dois meses, ainda no come\u00e7o de 2026. O treinador acabou derrotado pelo Fluminense no Maracan\u00e3.<\/p>\n\n\n\n<p>Com gols de Kevin Serna e John Kennedy, o Tricolor superou o Rubro-Negro pelo placar de 2 a 1, com Everton Cebolinha descontando. Com o rev\u00e9s, o Flamengo soma apenas quatro pontos conquistados em cinco jogos disputados e est\u00e1 fora da zona de classifica\u00e7\u00e3o para as quartas de final. Para piorar, o time pode acabar disputando o quadriangular do rebaixamento.<\/p>\n\n\n\n<p>Com o regulamento alterado gra\u00e7as a mudan\u00e7as no calend\u00e1rio do futebol brasileiro, o Carioc\u00e3o prev\u00ea uma disputa contra o rebaixamento entre as quatro equipes eliminadas na primeira fase. Se o campeonato terminasse hoje, o multicampe\u00e3o Flamengo enfrentaria Portuguesa, Sampaio Corr\u00eaa e Maric\u00e1 para evitar uma in\u00e9dita queda para a S\u00e9rie A2 estadual.<\/p>\n\n\n\n<p>Ap\u00f3s a derrota no cl\u00e1ssico, Filipe Lu\u00eds comentou a situa\u00e7\u00e3o e destacou o pouco tempo de treino neste in\u00edcio de temporada: &#8220;Hoje foi um jogo descaracterizado nesse sentido (sem elenco completo), at\u00e9 nas trocas. Um jogo equilibrado, tivemos chances para abrir o placar, eles tamb\u00e9m e acabaram abrindo. Talvez (perdemos) por falta de treino&#8221;.<\/p>\n\n\n\n<p>Esta foi a primeira derrota do Flamengo sob o comando de Filipe Lu\u00eds desde o dia 19 de novembro. Curiosamente, o algoz foi o Fluminense. Na ocasi\u00e3o, o Tricolor tamb\u00e9m venceu por 2 a 1, s\u00f3 que pelo Brasileir\u00e3o, com gols de Lucho Acosta e Kevin Serna. A derrota deste domingo (25) foi a terceira de Filipe Lu\u00eds frente ao rival no Maracan\u00e3.<\/p>\n\n\n\n<p><\/p>\n","protected":false},"excerpt":{"rendered":"<p>Multicampe\u00e3o na temporada de 2025, o t\u00e9cnico Filipe Lu\u00eds iniciou este ano com a esperan\u00e7a de repetir os feitos hist\u00f3ricos. Mas logo em sua segunda partida, o cen\u00e1rio \u00e9 outro: briga contra o rebaixamento em pleno Campeonato Carioca. Dando adeus e se despediu de uma invencibilidade de dois meses, ainda no come\u00e7o de 2026. O [&hellip;]<\/p>\n","protected":false},"author":4,"featured_media":14945,"comment_status":"open","ping_status":"open","sticky":false,"template":"","format":"standard","meta":{"jnews-multi-image_gallery":[],"jnews_single_post":{"format":"standard"},"jnews_primary_category":[],"jnews_social_meta":[],"jnews_post_split":[],"footnotes":""},"categories":[1],"tags":[],"class_list":["post-14944","post","type-post","status-publish","format-standard","has-post-thumbnail","hentry","category-uncategorized"],"_links":{"self":[{"href":"https:\/\/diariodepernambuco.audiencelabs.com.br\/wp-json\/wp\/v2\/posts\/14944","targetHints":{"allow":["GET"]}}],"collection":[{"href":"https:\/\/diariodepernambuco.audiencelabs.com.br\/wp-json\/wp\/v2\/posts"}],"about":[{"href":"https:\/\/diariodepernambuco.audiencelabs.com.br\/wp-json\/wp\/v2\/types\/post"}],"author":[{"embeddable":true,"href":"https:\/\/diariodepernambuco.audiencelabs.com.br\/wp-json\/wp\/v2\/users\/4"}],"replies":[{"embeddable":true,"href":"https:\/\/diariodepernambuco.audiencelabs.com.br\/wp-json\/wp\/v2\/comments?post=14944"}],"version-history":[{"count":3,"href":"https:\/\/diariodepernambuco.audiencelabs.com.br\/wp-json\/wp\/v2\/posts\/14944\/revisions"}],"predecessor-version":[{"id":15000,"href":"https:\/\/diariodepernambuco.audiencelabs.com.br\/wp-json\/wp\/v2\/posts\/14944\/revisions\/15000"}],"wp:featuredmedia":[{"embeddable":true,"href":"https:\/\/diariodepernambuco.audiencelabs.com.br\/wp-json\/wp\/v2\/media\/14945"}],"wp:attachment":[{"href":"https:\/\/diariodepernambuco.audiencelabs.com.br\/wp-json\/wp\/v2\/media?parent=14944"}],"wp:term":[{"taxonomy":"category","embeddable":true,"href":"https:\/\/diariodepernambuco.audiencelabs.com.br\/wp-json\/wp\/v2\/categories?post=14944"},{"taxonomy":"post_tag","embeddable":true,"href":"https:\/\/diariodepernambuco.audiencelabs.com.br\/wp-json\/wp\/v2\/tags?post=14944"}],"curies":[{"name":"wp","href":"https:\/\/api.w.org\/{rel}","templated":true}]}}