{"id":14973,"date":"2026-01-26T14:00:00","date_gmt":"2026-01-26T17:00:00","guid":{"rendered":"https:\/\/diariodepernambuco.audiencelabs.com.br\/?p=14973"},"modified":"2026-01-26T14:52:13","modified_gmt":"2026-01-26T17:52:13","slug":"bolsa-familia-muda-pagamento-do-mes-de-fevereiro-em-2026","status":"publish","type":"post","link":"https:\/\/diariodepernambuco.audiencelabs.com.br\/bolsa-familia-muda-pagamento-do-mes-de-fevereiro-em-2026\/","title":{"rendered":"Bolsa Fam\u00edlia muda pagamento do m\u00eas de fevereiro em 2026"},"content":{"rendered":"\n<p>Quem recebe o Bolsa Fam\u00edlia costuma acompanhar de perto o calend\u00e1rio mensal, j\u00e1 que qualquer mudan\u00e7a pode impactar o or\u00e7amento dom\u00e9stico. Em fevereiro, por\u00e9m, o cronograma n\u00e3o segue exatamente o mesmo formato de outros meses, o que acabou gerando d\u00favidas entre muitos benefici\u00e1rios.<\/p>\n\n\n\n<p>A altera\u00e7\u00e3o n\u00e3o tem rela\u00e7\u00e3o com cortes nem com mudan\u00e7as no valor do benef\u00edcio, mas com fatores externos que afetam o funcionamento do sistema banc\u00e1rio. Compreender o motivo do ajuste \u00e9 essencial para evitar confus\u00f5es e n\u00e3o perder a data correta do pagamento.<\/p>\n\n\n\n<p>Em fevereiro de 2026, o calend\u00e1rio do Bolsa Fam\u00edlia precisou ser reorganizado em raz\u00e3o do Carnaval. Durante o per\u00edodo da festa, os bancos permanecem fechados por v\u00e1rios dias consecutivos, reduzindo o n\u00famero de dias \u00fateis dispon\u00edveis para a libera\u00e7\u00e3o dos dep\u00f3sitos.<\/p>\n\n\n\n<p>Segundo o Minist\u00e9rio do Desenvolvimento e Assist\u00eancia Social, essa paralisa\u00e7\u00e3o levou o governo a concentrar os pagamentos antes e depois do feriado. Apesar da mudan\u00e7a nas datas, a principal regra foi mantida: os repasses continuam sendo feitos conforme o n\u00famero final do NIS de cada fam\u00edlia.<\/p>\n\n\n\n<p>Os pagamentos come\u00e7am mais cedo que o habitual, no dia 12 de fevereiro, e seguem at\u00e9 o dia 27. A Caixa Econ\u00f4mica Federal \u00e9 a respons\u00e1vel pelos dep\u00f3sitos, que podem ser movimentados pelo aplicativo Caixa Tem ou sacados em lot\u00e9ricas, correspondentes autorizados e ag\u00eancias banc\u00e1rias.<\/p>\n\n\n\n<h2 class=\"wp-block-heading\">O pagamento de fevereiro do Bolsa Fam\u00edlia<\/h2>\n\n\n\n<ul class=\"wp-block-list\">\n<li>NIS final 1: 12 de fevereiro<\/li>\n\n\n\n<li>NIS final 2: 13 de fevereiro<\/li>\n\n\n\n<li>NIS final 3: 18 de fevereiro<\/li>\n\n\n\n<li>NIS final 4: 19 de fevereiro<\/li>\n\n\n\n<li>NIS final 5: 20 de fevereiro<\/li>\n\n\n\n<li>NIS final 6: 23 de fevereiro<\/li>\n\n\n\n<li>NIS final 7: 24 de fevereiro<\/li>\n\n\n\n<li>NIS final 8: 25 de fevereiro<\/li>\n\n\n\n<li>NIS final 9: 26 de fevereiro<\/li>\n\n\n\n<li>NIS final 0: 27 de fevereiro<\/li>\n<\/ul>\n\n\n\n<p><\/p>\n","protected":false},"excerpt":{"rendered":"<p>Quem recebe o Bolsa Fam\u00edlia costuma acompanhar de perto o calend\u00e1rio mensal, j\u00e1 que qualquer mudan\u00e7a pode impactar o or\u00e7amento dom\u00e9stico. Em fevereiro, por\u00e9m, o cronograma n\u00e3o segue exatamente o mesmo formato de outros meses, o que acabou gerando d\u00favidas entre muitos benefici\u00e1rios. A altera\u00e7\u00e3o n\u00e3o tem rela\u00e7\u00e3o com cortes nem com mudan\u00e7as no valor [&hellip;]<\/p>\n","protected":false},"author":4,"featured_media":10292,"comment_status":"open","ping_status":"open","sticky":false,"template":"","format":"standard","meta":{"jnews-multi-image_gallery":[],"jnews_single_post":{"format":"standard"},"jnews_primary_category":[],"jnews_social_meta":[],"jnews_post_split":[],"footnotes":""},"categories":[1],"tags":[],"class_list":["post-14973","post","type-post","status-publish","format-standard","has-post-thumbnail","hentry","category-uncategorized"],"_links":{"self":[{"href":"https:\/\/diariodepernambuco.audiencelabs.com.br\/wp-json\/wp\/v2\/posts\/14973","targetHints":{"allow":["GET"]}}],"collection":[{"href":"https:\/\/diariodepernambuco.audiencelabs.com.br\/wp-json\/wp\/v2\/posts"}],"about":[{"href":"https:\/\/diariodepernambuco.audiencelabs.com.br\/wp-json\/wp\/v2\/types\/post"}],"author":[{"embeddable":true,"href":"https:\/\/diariodepernambuco.audiencelabs.com.br\/wp-json\/wp\/v2\/users\/4"}],"replies":[{"embeddable":true,"href":"https:\/\/diariodepernambuco.audiencelabs.com.br\/wp-json\/wp\/v2\/comments?post=14973"}],"version-history":[{"count":2,"href":"https:\/\/diariodepernambuco.audiencelabs.com.br\/wp-json\/wp\/v2\/posts\/14973\/revisions"}],"predecessor-version":[{"id":14977,"href":"https:\/\/diariodepernambuco.audiencelabs.com.br\/wp-json\/wp\/v2\/posts\/14973\/revisions\/14977"}],"wp:featuredmedia":[{"embeddable":true,"href":"https:\/\/diariodepernambuco.audiencelabs.com.br\/wp-json\/wp\/v2\/media\/10292"}],"wp:attachment":[{"href":"https:\/\/diariodepernambuco.audiencelabs.com.br\/wp-json\/wp\/v2\/media?parent=14973"}],"wp:term":[{"taxonomy":"category","embeddable":true,"href":"https:\/\/diariodepernambuco.audiencelabs.com.br\/wp-json\/wp\/v2\/categories?post=14973"},{"taxonomy":"post_tag","embeddable":true,"href":"https:\/\/diariodepernambuco.audiencelabs.com.br\/wp-json\/wp\/v2\/tags?post=14973"}],"curies":[{"name":"wp","href":"https:\/\/api.w.org\/{rel}","templated":true}]}}