{"id":14999,"date":"2026-01-27T12:00:00","date_gmt":"2026-01-27T15:00:00","guid":{"rendered":"https:\/\/diariodepernambuco.audiencelabs.com.br\/?p=14999"},"modified":"2026-01-26T13:19:20","modified_gmt":"2026-01-26T16:19:20","slug":"praia-mais-perigosa-do-brasil-arrasta-turistas-para-o-fundo-do-mar","status":"publish","type":"post","link":"https:\/\/diariodepernambuco.audiencelabs.com.br\/praia-mais-perigosa-do-brasil-arrasta-turistas-para-o-fundo-do-mar\/","title":{"rendered":"Praia mais perigosa do Brasil arrasta turistas para o fundo do mar"},"content":{"rendered":"\n<p>Famosa pelo visual amplo, pela extensa faixa de areia e pela vista privilegiada da Serra da Tiririca, a Praia de Itaipua\u00e7u, em Maric\u00e1, no Rio de Janeiro, costuma impressionar quem a visita pela primeira vez. Por tr\u00e1s do cen\u00e1rio paradis\u00edaco, por\u00e9m, h\u00e1 perigos que colocam o local entre os mais arriscados do Brasil para o banho de mar.<\/p>\n\n\n\n<p>Mesmo com a beleza natural e a atmosfera mais tranquila fora da alta temporada, Itaipua\u00e7u demanda cuidados extras. O mar aberto, caracter\u00edstico das praias oce\u00e2nicas, apresenta condi\u00e7\u00f5es que ao longo dos anos j\u00e1 resultaram em diversos acidentes e opera\u00e7\u00f5es de resgate.<\/p>\n\n\n\n<p>\u00c0 primeira impress\u00e3o, o mar pode at\u00e9 parecer atrativo. No entanto, bastam poucos passos para que a profundidade aumente de forma repentina. A forte inclina\u00e7\u00e3o do fundo faz com que o banhista perca o contato com o ch\u00e3o rapidamente, mesmo ainda pr\u00f3ximo da faixa de areia. Esse desn\u00edvel contribui para a forma\u00e7\u00e3o de correntes de retorno, um fen\u00f4meno frequente na regi\u00e3o.<\/p>\n\n\n\n<p>Essas correntes se formam quando a \u00e1gua que chega com intensidade \u00e0 praia precisa escoar de volta para o oceano, criando verdadeiros \u201ccanais\u201d que arrastam quem est\u00e1 no mar para \u00e1reas mais profundas. Em Itaipua\u00e7u, elas costumam ser velozes e dif\u00edceis de perceber, especialmente para quem n\u00e3o est\u00e1 familiarizado com a praia.<\/p>\n\n\n\n<h2 class=\"wp-block-heading\">Alternativas ao banho de mar em Itaipua\u00e7u<\/h2>\n\n\n\n<p>Mesmo quando o mar est\u00e1 agitado, Itaipua\u00e7u re\u00fane alternativas de lazer fora da \u00e1gua. As caminhadas ao longo da orla s\u00e3o frequentes, assim como a pesca amadora, muito praticada por moradores e turistas. Um dos locais mais visitados \u00e9 o Recanto, \u00e1rea em que o mar se encontra com um canal, formando uma esp\u00e9cie de laguna.<\/p>\n\n\n\n<p>Assim, Itaipua\u00e7u continua sendo um destino atrativo para quem busca natureza e paisagens preservadas. A chave est\u00e1 em respeitar as caracter\u00edsticas do mar da regi\u00e3o. Com informa\u00e7\u00e3o e cuidado, \u00e9 poss\u00edvel desfrutar da praia com seguran\u00e7a, sem que a beleza se transforme em perigo.<\/p>\n\n\n\n<p><\/p>\n","protected":false},"excerpt":{"rendered":"<p>Famosa pelo visual amplo, pela extensa faixa de areia e pela vista privilegiada da Serra da Tiririca, a Praia de Itaipua\u00e7u, em Maric\u00e1, no Rio de Janeiro, costuma impressionar quem a visita pela primeira vez. Por tr\u00e1s do cen\u00e1rio paradis\u00edaco, por\u00e9m, h\u00e1 perigos que colocam o local entre os mais arriscados do Brasil para o [&hellip;]<\/p>\n","protected":false},"author":4,"featured_media":15003,"comment_status":"open","ping_status":"open","sticky":false,"template":"","format":"standard","meta":{"jnews-multi-image_gallery":[],"jnews_single_post":{"format":"standard"},"jnews_primary_category":[],"jnews_social_meta":[],"jnews_post_split":[],"footnotes":""},"categories":[1],"tags":[],"class_list":["post-14999","post","type-post","status-publish","format-standard","has-post-thumbnail","hentry","category-uncategorized"],"_links":{"self":[{"href":"https:\/\/diariodepernambuco.audiencelabs.com.br\/wp-json\/wp\/v2\/posts\/14999","targetHints":{"allow":["GET"]}}],"collection":[{"href":"https:\/\/diariodepernambuco.audiencelabs.com.br\/wp-json\/wp\/v2\/posts"}],"about":[{"href":"https:\/\/diariodepernambuco.audiencelabs.com.br\/wp-json\/wp\/v2\/types\/post"}],"author":[{"embeddable":true,"href":"https:\/\/diariodepernambuco.audiencelabs.com.br\/wp-json\/wp\/v2\/users\/4"}],"replies":[{"embeddable":true,"href":"https:\/\/diariodepernambuco.audiencelabs.com.br\/wp-json\/wp\/v2\/comments?post=14999"}],"version-history":[{"count":3,"href":"https:\/\/diariodepernambuco.audiencelabs.com.br\/wp-json\/wp\/v2\/posts\/14999\/revisions"}],"predecessor-version":[{"id":15022,"href":"https:\/\/diariodepernambuco.audiencelabs.com.br\/wp-json\/wp\/v2\/posts\/14999\/revisions\/15022"}],"wp:featuredmedia":[{"embeddable":true,"href":"https:\/\/diariodepernambuco.audiencelabs.com.br\/wp-json\/wp\/v2\/media\/15003"}],"wp:attachment":[{"href":"https:\/\/diariodepernambuco.audiencelabs.com.br\/wp-json\/wp\/v2\/media?parent=14999"}],"wp:term":[{"taxonomy":"category","embeddable":true,"href":"https:\/\/diariodepernambuco.audiencelabs.com.br\/wp-json\/wp\/v2\/categories?post=14999"},{"taxonomy":"post_tag","embeddable":true,"href":"https:\/\/diariodepernambuco.audiencelabs.com.br\/wp-json\/wp\/v2\/tags?post=14999"}],"curies":[{"name":"wp","href":"https:\/\/api.w.org\/{rel}","templated":true}]}}