{"id":15028,"date":"2026-01-26T13:37:38","date_gmt":"2026-01-26T16:37:38","guid":{"rendered":"https:\/\/diariodepernambuco.audiencelabs.com.br\/?p=15028"},"modified":"2026-01-26T13:37:41","modified_gmt":"2026-01-26T16:37:41","slug":"viagem-mais-longa-do-brasil-demora-quase-5h-com-companhia-aerea-renomada","status":"publish","type":"post","link":"https:\/\/diariodepernambuco.audiencelabs.com.br\/viagem-mais-longa-do-brasil-demora-quase-5h-com-companhia-aerea-renomada\/","title":{"rendered":"Viagem mais longa do Brasil demora quase 5h com companhia a\u00e9rea renomada"},"content":{"rendered":"\n<p>O transporte a\u00e9reo brasileiro passa por uma atualiza\u00e7\u00e3o importante com a estreia de uma rota que agora assume o posto de voo dom\u00e9stico mais longo em opera\u00e7\u00e3o no pa\u00eds. A liga\u00e7\u00e3o \u00e9 realizada pela LATAM com aeronaves Airbus A321neo, modelos de \u00faltima gera\u00e7\u00e3o que v\u00eam sendo incorporados \u00e0 frota justamente para atender trajetos mais extensos com maior efici\u00eancia operacional.<\/p>\n\n\n\n<h2 class=\"wp-block-heading\">Aeronaves mais modernas e econ\u00f4micas<\/h2>\n\n\n\n<p>Os A321neo utilizados na rota se destacam pelo consumo reduzido de combust\u00edvel, menor emiss\u00e3o de poluentes e maior alcance em compara\u00e7\u00e3o com vers\u00f5es anteriores. Essas caracter\u00edsticas permitem que a companhia amplie sua malha a\u00e9rea sem comprometer custos e mantendo padr\u00f5es elevados de conforto para os passageiros. A cabine foi projetada para viagens mais longas, com melhorias em ergonomia, ilumina\u00e7\u00e3o e redu\u00e7\u00e3o de ru\u00eddo.<\/p>\n\n\n\n<h2 class=\"wp-block-heading\">Superando antigos recordes da avia\u00e7\u00e3o nacional<\/h2>\n\n\n\n<p>Com a nova opera\u00e7\u00e3o, a LATAM supera a antiga rota Campinas (Viracopos)\u2013Boa Vista, que era mantida pela Azul e tinha aproximadamente 3.217 quil\u00f4metros de extens\u00e3o. Esse voo, que chegou a ser considerado o mais longo do Brasil, foi descontinuado nos \u00faltimos anos. Agora, a nova liga\u00e7\u00e3o assume o protagonismo e passa a simbolizar um avan\u00e7o na capacidade da avia\u00e7\u00e3o dom\u00e9stica de conectar pontos distantes do territ\u00f3rio nacional.<\/p>\n\n\n\n<h2 class=\"wp-block-heading\">Impacto na conectividade e no mercado<\/h2>\n\n\n\n<p>A amplia\u00e7\u00e3o de rotas de longa dist\u00e2ncia dentro do pa\u00eds refor\u00e7a a integra\u00e7\u00e3o entre regi\u00f5es e atende a uma demanda crescente por deslocamentos diretos, sem a necessidade de escalas intermedi\u00e1rias. Para passageiros, isso representa economia de tempo e mais op\u00e7\u00f5es de hor\u00e1rios. Para o setor a\u00e9reo, a mudan\u00e7a sinaliza um investimento estrat\u00e9gico em tecnologia e planejamento de malha, acompanhando a retomada do crescimento do transporte a\u00e9reo no Brasil.<\/p>\n\n\n\n<h2 class=\"wp-block-heading\">Tend\u00eancia para os pr\u00f3ximos anos<\/h2>\n\n\n\n<p>Especialistas do setor avaliam que o uso de aeronaves mais eficientes deve se tornar cada vez mais comum em voos dom\u00e9sticos extensos. A aposta da LATAM indica uma tend\u00eancia de explorar melhor as dimens\u00f5es continentais do pa\u00eds, conectando capitais e cidades distantes de forma direta e competitiva.<\/p>\n","protected":false},"excerpt":{"rendered":"<p>O transporte a\u00e9reo brasileiro passa por uma atualiza\u00e7\u00e3o importante com a estreia de uma rota que agora assume o posto de voo dom\u00e9stico mais longo em opera\u00e7\u00e3o no pa\u00eds. A liga\u00e7\u00e3o \u00e9 realizada pela LATAM com aeronaves Airbus A321neo, modelos de \u00faltima gera\u00e7\u00e3o que v\u00eam sendo incorporados \u00e0 frota justamente para atender trajetos mais extensos [&hellip;]<\/p>\n","protected":false},"author":7,"featured_media":6726,"comment_status":"open","ping_status":"open","sticky":false,"template":"","format":"standard","meta":{"jnews-multi-image_gallery":[],"jnews_single_post":{"format":"standard"},"jnews_primary_category":[],"jnews_social_meta":[],"jnews_post_split":[],"footnotes":""},"categories":[1],"tags":[],"class_list":["post-15028","post","type-post","status-publish","format-standard","has-post-thumbnail","hentry","category-uncategorized"],"_links":{"self":[{"href":"https:\/\/diariodepernambuco.audiencelabs.com.br\/wp-json\/wp\/v2\/posts\/15028","targetHints":{"allow":["GET"]}}],"collection":[{"href":"https:\/\/diariodepernambuco.audiencelabs.com.br\/wp-json\/wp\/v2\/posts"}],"about":[{"href":"https:\/\/diariodepernambuco.audiencelabs.com.br\/wp-json\/wp\/v2\/types\/post"}],"author":[{"embeddable":true,"href":"https:\/\/diariodepernambuco.audiencelabs.com.br\/wp-json\/wp\/v2\/users\/7"}],"replies":[{"embeddable":true,"href":"https:\/\/diariodepernambuco.audiencelabs.com.br\/wp-json\/wp\/v2\/comments?post=15028"}],"version-history":[{"count":1,"href":"https:\/\/diariodepernambuco.audiencelabs.com.br\/wp-json\/wp\/v2\/posts\/15028\/revisions"}],"predecessor-version":[{"id":15030,"href":"https:\/\/diariodepernambuco.audiencelabs.com.br\/wp-json\/wp\/v2\/posts\/15028\/revisions\/15030"}],"wp:featuredmedia":[{"embeddable":true,"href":"https:\/\/diariodepernambuco.audiencelabs.com.br\/wp-json\/wp\/v2\/media\/6726"}],"wp:attachment":[{"href":"https:\/\/diariodepernambuco.audiencelabs.com.br\/wp-json\/wp\/v2\/media?parent=15028"}],"wp:term":[{"taxonomy":"category","embeddable":true,"href":"https:\/\/diariodepernambuco.audiencelabs.com.br\/wp-json\/wp\/v2\/categories?post=15028"},{"taxonomy":"post_tag","embeddable":true,"href":"https:\/\/diariodepernambuco.audiencelabs.com.br\/wp-json\/wp\/v2\/tags?post=15028"}],"curies":[{"name":"wp","href":"https:\/\/api.w.org\/{rel}","templated":true}]}}