{"id":15410,"date":"2026-01-29T13:00:00","date_gmt":"2026-01-29T16:00:00","guid":{"rendered":"https:\/\/diariodepernambuco.audiencelabs.com.br\/?p=15410"},"modified":"2026-01-28T18:19:14","modified_gmt":"2026-01-28T21:19:14","slug":"noticia-chocante-une-brasileiros-de-esquerda-e-direita-em-prol-da-justica","status":"publish","type":"post","link":"https:\/\/diariodepernambuco.audiencelabs.com.br\/noticia-chocante-une-brasileiros-de-esquerda-e-direita-em-prol-da-justica\/","title":{"rendered":"Not\u00edcia chocante une brasileiros de esquerda e direita em prol da Justi\u00e7a"},"content":{"rendered":"\n<p>A morte do c\u00e3o comunit\u00e1rio conhecido como Orelha, ap\u00f3s ser agredido na Praia Brava, em Florian\u00f3polis, provocou uma rea\u00e7\u00e3o incomum no debate p\u00fablico brasileiro. A como\u00e7\u00e3o gerada pelo caso e o avan\u00e7o das investiga\u00e7\u00f5es acabaram aproximando grupos pol\u00edticos historicamente antagonistas, que passaram a cobrar respostas das autoridades e puni\u00e7\u00e3o aos envolvidos.<\/p>\n\n\n\n<h2 class=\"wp-block-heading\">Caso mobiliza moradores e repercute nacionalmente<\/h2>\n\n\n\n<p>Orelha vivia h\u00e1 cerca de uma d\u00e9cada na regi\u00e3o e era alimentado e cuidado por comerciantes, moradores e frequentadores da praia. No dia 15 de janeiro, o animal foi encontrado em estado cr\u00edtico e encaminhado a uma cl\u00ednica veterin\u00e1ria. Diante da gravidade dos ferimentos, n\u00e3o resistiu. A Pol\u00edcia Civil aponta que pelo menos quatro adolescentes teriam participado das agress\u00f5es.<\/p>\n\n\n\n<p>A repercuss\u00e3o ultrapassou os limites de Santa Catarina e ganhou espa\u00e7o nas redes sociais, onde internautas de diferentes posi\u00e7\u00f5es ideol\u00f3gicas passaram a compartilhar informa\u00e7\u00f5es e manifesta\u00e7\u00f5es de indigna\u00e7\u00e3o.<\/p>\n\n\n\n<h2 class=\"wp-block-heading\">Avan\u00e7o das investiga\u00e7\u00f5es<\/h2>\n\n\n\n<p>Nesta semana, a Pol\u00edcia Civil de Santa Catarina realizou uma opera\u00e7\u00e3o que incluiu mandados de busca e apreens\u00e3o relacionados aos crimes de maus-tratos e coa\u00e7\u00e3o no curso do processo. Al\u00e9m dos adolescentes investigados, tr\u00eas adultos \u2014 parentes dos jovens \u2014 foram indiciados por tentativa de intimida\u00e7\u00e3o de testemunhas.<\/p>\n\n\n\n<p>Segundo as autoridades, dois dos adolescentes est\u00e3o atualmente nos Estados Unidos e devem ser ouvidos nos pr\u00f3ximos dias, por meio de procedimentos legais internacionais.<\/p>\n\n\n\n<h2 class=\"wp-block-heading\">Rea\u00e7\u00e3o pol\u00edtica foge \u00e0 polariza\u00e7\u00e3o<\/h2>\n\n\n\n<p>O epis\u00f3dio tamb\u00e9m ganhou destaque entre parlamentares, rompendo a l\u00f3gica da polariza\u00e7\u00e3o pol\u00edtica. Deputados identificados com a direita adotaram um discurso p\u00fablico de cobran\u00e7a por responsabiliza\u00e7\u00e3o.<\/p>\n\n\n\n<p>O deputado federal Kim Kataguiri (Uni\u00e3o-SP) usou suas redes para pedir colabora\u00e7\u00e3o da popula\u00e7\u00e3o na identifica\u00e7\u00e3o de testemunhas e na divulga\u00e7\u00e3o do caso. J\u00e1 M\u00e1rio Frias (PL-SP) relacionou o epis\u00f3dio ao debate sobre responsabiliza\u00e7\u00e3o criminal de adolescentes, defendendo que atos de viol\u00eancia n\u00e3o fiquem impunes.<\/p>\n\n\n\n<h2 class=\"wp-block-heading\">Debate sobre viol\u00eancia e responsabiliza\u00e7\u00e3o<\/h2>\n\n\n\n<p>O caso de Orelha reacendeu discuss\u00f5es mais amplas sobre maus-tratos a animais, responsabilidade penal e o papel da sociedade na prote\u00e7\u00e3o de seres vulner\u00e1veis. Para muitos, a como\u00e7\u00e3o coletiva evidencia que certos epis\u00f3dios conseguem ultrapassar divis\u00f5es ideol\u00f3gicas, mobilizando diferentes setores em torno de um pedido comum: justi\u00e7a.<\/p>\n","protected":false},"excerpt":{"rendered":"<p>A morte do c\u00e3o comunit\u00e1rio conhecido como Orelha, ap\u00f3s ser agredido na Praia Brava, em Florian\u00f3polis, provocou uma rea\u00e7\u00e3o incomum no debate p\u00fablico brasileiro. A como\u00e7\u00e3o gerada pelo caso e o avan\u00e7o das investiga\u00e7\u00f5es acabaram aproximando grupos pol\u00edticos historicamente antagonistas, que passaram a cobrar respostas das autoridades e puni\u00e7\u00e3o aos envolvidos. Caso mobiliza moradores e [&hellip;]<\/p>\n","protected":false},"author":7,"featured_media":7702,"comment_status":"open","ping_status":"open","sticky":false,"template":"","format":"standard","meta":{"jnews-multi-image_gallery":[],"jnews_single_post":{"format":"standard"},"jnews_primary_category":[],"jnews_social_meta":[],"jnews_post_split":[],"footnotes":""},"categories":[1],"tags":[],"class_list":["post-15410","post","type-post","status-publish","format-standard","has-post-thumbnail","hentry","category-uncategorized"],"_links":{"self":[{"href":"https:\/\/diariodepernambuco.audiencelabs.com.br\/wp-json\/wp\/v2\/posts\/15410","targetHints":{"allow":["GET"]}}],"collection":[{"href":"https:\/\/diariodepernambuco.audiencelabs.com.br\/wp-json\/wp\/v2\/posts"}],"about":[{"href":"https:\/\/diariodepernambuco.audiencelabs.com.br\/wp-json\/wp\/v2\/types\/post"}],"author":[{"embeddable":true,"href":"https:\/\/diariodepernambuco.audiencelabs.com.br\/wp-json\/wp\/v2\/users\/7"}],"replies":[{"embeddable":true,"href":"https:\/\/diariodepernambuco.audiencelabs.com.br\/wp-json\/wp\/v2\/comments?post=15410"}],"version-history":[{"count":2,"href":"https:\/\/diariodepernambuco.audiencelabs.com.br\/wp-json\/wp\/v2\/posts\/15410\/revisions"}],"predecessor-version":[{"id":15412,"href":"https:\/\/diariodepernambuco.audiencelabs.com.br\/wp-json\/wp\/v2\/posts\/15410\/revisions\/15412"}],"wp:featuredmedia":[{"embeddable":true,"href":"https:\/\/diariodepernambuco.audiencelabs.com.br\/wp-json\/wp\/v2\/media\/7702"}],"wp:attachment":[{"href":"https:\/\/diariodepernambuco.audiencelabs.com.br\/wp-json\/wp\/v2\/media?parent=15410"}],"wp:term":[{"taxonomy":"category","embeddable":true,"href":"https:\/\/diariodepernambuco.audiencelabs.com.br\/wp-json\/wp\/v2\/categories?post=15410"},{"taxonomy":"post_tag","embeddable":true,"href":"https:\/\/diariodepernambuco.audiencelabs.com.br\/wp-json\/wp\/v2\/tags?post=15410"}],"curies":[{"name":"wp","href":"https:\/\/api.w.org\/{rel}","templated":true}]}}