{"id":15441,"date":"2026-01-29T09:25:21","date_gmt":"2026-01-29T12:25:21","guid":{"rendered":"https:\/\/diariodepernambuco.audiencelabs.com.br\/?p=15441"},"modified":"2026-01-29T14:23:36","modified_gmt":"2026-01-29T17:23:36","slug":"dono-da-havan-paga-r-1-milhao-por-estatua-da-liberdade-que-pesa-3-toneladas-e-tem-24-metros","status":"publish","type":"post","link":"https:\/\/diariodepernambuco.audiencelabs.com.br\/dono-da-havan-paga-r-1-milhao-por-estatua-da-liberdade-que-pesa-3-toneladas-e-tem-24-metros\/","title":{"rendered":"Dono da Havan paga R$ 1 milh\u00e3o por est\u00e1tua da liberdade que pesa 3 toneladas e tem 24 metros"},"content":{"rendered":"\n<p>A queda de uma das r\u00e9plicas da Est\u00e1tua da Liberdade instaladas em frente a uma megaloja da Havan, em Gua\u00edba, na Regi\u00e3o Metropolitana de Porto Alegre, chamou aten\u00e7\u00e3o pelos valores envolvidos na estrutura. Cada monumento do tipo, segundo a pr\u00f3pria empresa, custa em m\u00e9dia R$ 1 milh\u00e3o, pesa cerca de 3 toneladas e possui 24 metros de altura, podendo chegar a 35 metros quando somado o pedestal.<\/p>\n\n\n\n<p>O epis\u00f3dio ocorreu em dezembro de 2025, durante um forte temporal que atingiu o Rio Grande do Sul e causou estragos pelas intensas rajadas de vento registradas.<\/p>\n\n\n\n<h2 class=\"wp-block-heading\">Escultura da Havan danificada<\/h2>\n\n\n\n<p>Inspiradas na Est\u00e1tua da Liberdade dos Estados Unidos, as esculturas fazem parte da identidade visual da rede varejista do empres\u00e1rio Luciano Hang. As r\u00e9plicas s\u00e3o instaladas durante a inaugura\u00e7\u00e3o de cada loja.<\/p>\n\n\n\n<p>De acordo com informa\u00e7\u00f5es divulgadas, a est\u00e1tua caiu ap\u00f3s ventos superiores a 90 km\/h atingirem a regi\u00e3o, conforme alerta vermelho emitido pela Defesa Civil do Rio Grande do Sul. Com o impacto, a escultura perdeu a cabe\u00e7a e parte do corpo ficou inclinada contra a base, com rachaduras e peda\u00e7os quebrados espalhados pelo estacionamento.<\/p>\n\n\n\n<p>A remo\u00e7\u00e3o da estrutura levou cerca de tr\u00eas horas, com os trabalhos se estendendo at\u00e9 por volta das 23h. Felizmente, n\u00e3o houve registro de feridos.<\/p>\n\n\n\n<h2 class=\"wp-block-heading\">Posicionamento da empresa<\/h2>\n\n\n\n<p>Em nota oficial, a Havan refor\u00e7ou que todas as suas est\u00e1tuas contam com Anota\u00e7\u00e3o de Responsabilidade T\u00e9cnica (ART) e que a \u00e1rea foi imediatamente isolada ap\u00f3s a queda, seguindo os protocolos de seguran\u00e7a. A empresa destacou ainda que a prioridade sempre foi a prote\u00e7\u00e3o de clientes, colaboradores e da comunidade local.<\/p>\n\n\n\n<p>Tamb\u00e9m foi informado que seria realizada uma vistoria t\u00e9cnica para apurar as causas do incidente e definir as pr\u00f3ximas medidas. Na ocasi\u00e3o, n\u00e3o havia previs\u00e3o para a instala\u00e7\u00e3o de uma nova escultura no local.<\/p>\n\n\n\n<h2 class=\"wp-block-heading\">Temporal afetou dezenas de munic\u00edpios<\/h2>\n\n\n\n<p>Ao todo, 53 munic\u00edpios ga\u00fachos relataram transtornos, incluindo destelhamentos, alagamentos, quedas de postes e \u00e1rvores, al\u00e9m de falta de energia el\u00e9trica.<\/p>\n","protected":false},"excerpt":{"rendered":"<p>A queda de uma das r\u00e9plicas da Est\u00e1tua da Liberdade instaladas em frente a uma megaloja da Havan, em Gua\u00edba, na Regi\u00e3o Metropolitana de Porto Alegre, chamou aten\u00e7\u00e3o pelos valores envolvidos na estrutura. Cada monumento do tipo, segundo a pr\u00f3pria empresa, custa em m\u00e9dia R$ 1 milh\u00e3o, pesa cerca de 3 toneladas e possui 24 [&hellip;]<\/p>\n","protected":false},"author":17,"featured_media":15442,"comment_status":"open","ping_status":"open","sticky":false,"template":"","format":"standard","meta":{"jnews-multi-image_gallery":[],"jnews_single_post":{"format":"standard"},"jnews_primary_category":[],"jnews_social_meta":[],"jnews_post_split":[],"footnotes":""},"categories":[1],"tags":[],"class_list":["post-15441","post","type-post","status-publish","format-standard","has-post-thumbnail","hentry","category-uncategorized"],"_links":{"self":[{"href":"https:\/\/diariodepernambuco.audiencelabs.com.br\/wp-json\/wp\/v2\/posts\/15441","targetHints":{"allow":["GET"]}}],"collection":[{"href":"https:\/\/diariodepernambuco.audiencelabs.com.br\/wp-json\/wp\/v2\/posts"}],"about":[{"href":"https:\/\/diariodepernambuco.audiencelabs.com.br\/wp-json\/wp\/v2\/types\/post"}],"author":[{"embeddable":true,"href":"https:\/\/diariodepernambuco.audiencelabs.com.br\/wp-json\/wp\/v2\/users\/17"}],"replies":[{"embeddable":true,"href":"https:\/\/diariodepernambuco.audiencelabs.com.br\/wp-json\/wp\/v2\/comments?post=15441"}],"version-history":[{"count":1,"href":"https:\/\/diariodepernambuco.audiencelabs.com.br\/wp-json\/wp\/v2\/posts\/15441\/revisions"}],"predecessor-version":[{"id":15443,"href":"https:\/\/diariodepernambuco.audiencelabs.com.br\/wp-json\/wp\/v2\/posts\/15441\/revisions\/15443"}],"wp:featuredmedia":[{"embeddable":true,"href":"https:\/\/diariodepernambuco.audiencelabs.com.br\/wp-json\/wp\/v2\/media\/15442"}],"wp:attachment":[{"href":"https:\/\/diariodepernambuco.audiencelabs.com.br\/wp-json\/wp\/v2\/media?parent=15441"}],"wp:term":[{"taxonomy":"category","embeddable":true,"href":"https:\/\/diariodepernambuco.audiencelabs.com.br\/wp-json\/wp\/v2\/categories?post=15441"},{"taxonomy":"post_tag","embeddable":true,"href":"https:\/\/diariodepernambuco.audiencelabs.com.br\/wp-json\/wp\/v2\/tags?post=15441"}],"curies":[{"name":"wp","href":"https:\/\/api.w.org\/{rel}","templated":true}]}}