{"id":1548,"date":"2025-08-23T19:07:00","date_gmt":"2025-08-23T22:07:00","guid":{"rendered":"https:\/\/diariodepernambuco.audiencelabs.com.br\/?p=1548"},"modified":"2025-08-22T10:06:25","modified_gmt":"2025-08-22T13:06:25","slug":"aposentadoria-imediata-lei-informa-que-pode-se-aposentar-antes-do-tempo","status":"publish","type":"post","link":"https:\/\/diariodepernambuco.audiencelabs.com.br\/aposentadoria-imediata-lei-informa-que-pode-se-aposentar-antes-do-tempo\/","title":{"rendered":"Aposentadoria imediata? Lei informa quem pode se aposentar antes do tempo"},"content":{"rendered":"\n<p>A aposentadoria \u00e9 um dos temas que mais gera d\u00favidas entre os trabalhadores brasileiros, especialmente ap\u00f3s as mudan\u00e7as nas regras da Previd\u00eancia Social. Muitos se perguntam se \u00e9 poss\u00edvel parar de trabalhar mais cedo e garantir o benef\u00edcio antes da idade m\u00ednima estabelecida.<\/p>\n\n\n\n<p>A legisla\u00e7\u00e3o previdenci\u00e1ria prev\u00ea algumas situa\u00e7\u00f5es espec\u00edficas em que isso pode acontecer, mas \u00e9 importante entender quem realmente tem esse direito e quais os crit\u00e9rios exigidos pela lei. Entre as principais modalidades que permitem a aposentadoria antecipada est\u00e3o aquelas voltadas a trabalhadores expostos a atividades de risco ou condi\u00e7\u00f5es prejudiciais \u00e0 sa\u00fade, como \u00e9 o caso da aposentadoria especial.<\/p>\n\n\n\n<p>Al\u00e9m disso, existem regras de transi\u00e7\u00e3o criadas ap\u00f3s a Reforma da Previd\u00eancia de 2019, que possibilitam que pessoas que j\u00e1 estavam pr\u00f3ximas de se aposentar antes das mudan\u00e7as consigam o benef\u00edcio com requisitos diferenciados. Outro ponto relevante \u00e9 a aposentadoria por invalidez, concedida a quem comprova incapacidade permanente para o trabalho.<\/p>\n\n\n\n<p>Ainda assim, cada modalidade exige comprova\u00e7\u00e3o detalhada por meio de documentos, laudos ou tempo de contribui\u00e7\u00e3o registrado. Por isso, compreender os crit\u00e9rios legais \u00e9 essencial para n\u00e3o criar expectativas equivocadas. Quem deseja solicitar a aposentadoria antes da idade m\u00ednima deve estar atento n\u00e3o apenas \u00e0s regras atuais, mas tamb\u00e9m \u00e0s poss\u00edveis altera\u00e7\u00f5es futuras na legisla\u00e7\u00e3o previdenci\u00e1ria.<\/p>\n\n\n\n<h2 class=\"wp-block-heading\">A aposentadoria antecipada do INSS<\/h2>\n\n\n\n<p>Desde a Reforma da Previd\u00eancia (2019), as regras ficaram mais r\u00edgidas, mas ainda existem algumas alternativas:<\/p>\n\n\n\n<ul class=\"wp-block-list\">\n<li>Aposentadoria por tempo de contribui\u00e7\u00e3o (regras de transi\u00e7\u00e3o): Para quem j\u00e1 contribu\u00eda antes da reforma, h\u00e1 regras que permitem se aposentar mais cedo, desde que cumpridos requisitos como idade m\u00ednima progressiva, sistema de pontos (soma de idade + tempo de contribui\u00e7\u00e3o) ou ped\u00e1gio (trabalhar mais alguns anos al\u00e9m do necess\u00e1rio).<\/li>\n<\/ul>\n\n\n\n<ul class=\"wp-block-list\">\n<li>Aposentadoria especial: Destinada a trabalhadores expostos a agentes nocivos (qu\u00edmicos, f\u00edsicos ou biol\u00f3gicos) que prejudicam a sa\u00fade, como eletricistas, mineiros e profissionais da sa\u00fade. O tempo de contribui\u00e7\u00e3o exigido pode ser reduzido para 15, 20 ou 25 anos, dependendo do grau de risco.<\/li>\n<\/ul>\n\n\n\n<ul class=\"wp-block-list\">\n<li>Aposentadoria por invalidez (benef\u00edcio por incapacidade permanente): Concedida a quem, por doen\u00e7a ou acidente, fica permanentemente incapaz de exercer qualquer atividade laboral.<\/li>\n<\/ul>\n\n\n\n<ul class=\"wp-block-list\">\n<li>Professores: T\u00eam direito a regras diferenciadas, podendo se aposentar com idade e tempo de contribui\u00e7\u00e3o reduzidos em rela\u00e7\u00e3o a outros trabalhadores, devido \u00e0 natureza da profiss\u00e3o.<\/li>\n<\/ul>\n\n\n\n<p><\/p>\n","protected":false},"excerpt":{"rendered":"<p>A aposentadoria \u00e9 um dos temas que mais gera d\u00favidas entre os trabalhadores brasileiros, especialmente ap\u00f3s as mudan\u00e7as nas regras da Previd\u00eancia Social. Muitos se perguntam se \u00e9 poss\u00edvel parar de trabalhar mais cedo e garantir o benef\u00edcio antes da idade m\u00ednima estabelecida. A legisla\u00e7\u00e3o previdenci\u00e1ria prev\u00ea algumas situa\u00e7\u00f5es espec\u00edficas em que isso pode acontecer, [&hellip;]<\/p>\n","protected":false},"author":4,"featured_media":659,"comment_status":"open","ping_status":"open","sticky":false,"template":"","format":"standard","meta":{"jnews-multi-image_gallery":[],"jnews_single_post":{"format":"standard"},"jnews_primary_category":[],"jnews_social_meta":[],"jnews_post_split":[],"footnotes":""},"categories":[1],"tags":[],"class_list":["post-1548","post","type-post","status-publish","format-standard","has-post-thumbnail","hentry","category-uncategorized"],"_links":{"self":[{"href":"https:\/\/diariodepernambuco.audiencelabs.com.br\/wp-json\/wp\/v2\/posts\/1548","targetHints":{"allow":["GET"]}}],"collection":[{"href":"https:\/\/diariodepernambuco.audiencelabs.com.br\/wp-json\/wp\/v2\/posts"}],"about":[{"href":"https:\/\/diariodepernambuco.audiencelabs.com.br\/wp-json\/wp\/v2\/types\/post"}],"author":[{"embeddable":true,"href":"https:\/\/diariodepernambuco.audiencelabs.com.br\/wp-json\/wp\/v2\/users\/4"}],"replies":[{"embeddable":true,"href":"https:\/\/diariodepernambuco.audiencelabs.com.br\/wp-json\/wp\/v2\/comments?post=1548"}],"version-history":[{"count":2,"href":"https:\/\/diariodepernambuco.audiencelabs.com.br\/wp-json\/wp\/v2\/posts\/1548\/revisions"}],"predecessor-version":[{"id":1741,"href":"https:\/\/diariodepernambuco.audiencelabs.com.br\/wp-json\/wp\/v2\/posts\/1548\/revisions\/1741"}],"wp:featuredmedia":[{"embeddable":true,"href":"https:\/\/diariodepernambuco.audiencelabs.com.br\/wp-json\/wp\/v2\/media\/659"}],"wp:attachment":[{"href":"https:\/\/diariodepernambuco.audiencelabs.com.br\/wp-json\/wp\/v2\/media?parent=1548"}],"wp:term":[{"taxonomy":"category","embeddable":true,"href":"https:\/\/diariodepernambuco.audiencelabs.com.br\/wp-json\/wp\/v2\/categories?post=1548"},{"taxonomy":"post_tag","embeddable":true,"href":"https:\/\/diariodepernambuco.audiencelabs.com.br\/wp-json\/wp\/v2\/tags?post=1548"}],"curies":[{"name":"wp","href":"https:\/\/api.w.org\/{rel}","templated":true}]}}