{"id":1587,"date":"2025-08-21T15:30:00","date_gmt":"2025-08-21T18:30:00","guid":{"rendered":"https:\/\/diariodepernambuco.audiencelabs.com.br\/?p=1587"},"modified":"2025-08-22T09:41:42","modified_gmt":"2025-08-22T12:41:42","slug":"leo-dias-descobre-verdadeiro-culpado-pelo-termino-de-virginia-e-ze-felipe","status":"publish","type":"post","link":"https:\/\/diariodepernambuco.audiencelabs.com.br\/leo-dias-descobre-verdadeiro-culpado-pelo-termino-de-virginia-e-ze-felipe\/","title":{"rendered":"Leo Dias descobre verdadeiro culpado pelo t\u00e9rmino de Virg\u00ednia e Z\u00e9 Felipe"},"content":{"rendered":"\n<p>Novo contratado da Band, Leo Dias estreou como apresentador do &#8216;Melhor da Tarde&#8217; na \u00faltima segunda-feira (18). Ap\u00f3s passagem pelo SBT, o jornalista, conhecido por suas apura\u00e7\u00f5es exclusivas sobre o mundo dos famosos, demonstrou certo nervosismo, mas soube comandar bem a atra\u00e7\u00e3o ao lado de P\u00e2mela Lucciola e JP Vergueiro.<\/p>\n\n\n\n<p>Antes de dar o ar da gra\u00e7a em sua nova aposta na televis\u00e3o, Leo Dias chamou a aten\u00e7\u00e3o ao, em seu canal no Youtube, revelar a verdadeira raz\u00e3o do t\u00e9rmino do casamento de Virg\u00ednia Fonseca e Z\u00e9 Felipe. Sem papas na l\u00edngua, o jornalista afirmou que o grupo de amigos da influencer passou a incomodar, e muito, o filho de Leonardo.<\/p>\n\n\n\n<p>&#8220;Eu acho que eles, enfim, a influ\u00eancia que a Virg\u00ednia sofreu foi muito [por parte] deles. O cara acorda e n\u00e3o pode nem andar de cueca pela casa, \u00e9 tanta gente naquela casa, enfim. Eu fiquei muito feliz em ver o Z\u00e9, ele est\u00e1 muito feliz, muito decidido que n\u00e3o tem volta&#8221;, disse.<\/p>\n\n\n\n<p>O casamento de Virg\u00ednia e Z\u00e9 Felipe terminou em 27 de maio de 2025, ap\u00f3s cinco anos de uni\u00e3o. O casal comunicou o fim do relacionamento por meio de uma publica\u00e7\u00e3o conjunta nas redes sociais, ressaltando que, apesar de n\u00e3o estarem mais juntos como parceiros, permaneceriam amigos e dedicados \u00e0 cria\u00e7\u00e3o de seus tr\u00eas filhos.<\/p>\n\n\n\n<h2 class=\"wp-block-heading\">Virg\u00ednia teve crise de choro ap\u00f3s not\u00edcia<\/h2>\n\n\n\n<p>Ainda segundo Leo Dias, Virg\u00ednia n\u00e3o teria digerido bem o poss\u00edvel affair de seu ex-marido com a cantora Ana Castela. Em sua coluna, o jornalista afirmou que a apresentadora teria ficado profundamente abalada ao ficar sabendo da not\u00edcia.<\/p>\n\n\n\n<p>Informa\u00e7\u00f5es d\u00e3o conta que Virg\u00ednia estava prestes a come\u00e7ar uma grava\u00e7\u00e3o do seu programa no SBT quando leu a not\u00edcia e acabou n\u00e3o contendo as l\u00e1grimas. Pessoas presentes no est\u00fadio afirmam que ela come\u00e7ou a chorar e precisou interromper a grava\u00e7\u00e3o.<\/p>\n\n\n\n<p><\/p>\n","protected":false},"excerpt":{"rendered":"<p>Novo contratado da Band, Leo Dias estreou como apresentador do &#8216;Melhor da Tarde&#8217; na \u00faltima segunda-feira (18). Ap\u00f3s passagem pelo SBT, o jornalista, conhecido por suas apura\u00e7\u00f5es exclusivas sobre o mundo dos famosos, demonstrou certo nervosismo, mas soube comandar bem a atra\u00e7\u00e3o ao lado de P\u00e2mela Lucciola e JP Vergueiro. Antes de dar o ar [&hellip;]<\/p>\n","protected":false},"author":4,"featured_media":1590,"comment_status":"open","ping_status":"open","sticky":false,"template":"","format":"standard","meta":{"jnews-multi-image_gallery":[],"jnews_single_post":{"format":"standard"},"jnews_primary_category":[],"jnews_social_meta":[],"jnews_post_split":[],"footnotes":""},"categories":[1],"tags":[],"class_list":["post-1587","post","type-post","status-publish","format-standard","has-post-thumbnail","hentry","category-uncategorized"],"_links":{"self":[{"href":"https:\/\/diariodepernambuco.audiencelabs.com.br\/wp-json\/wp\/v2\/posts\/1587","targetHints":{"allow":["GET"]}}],"collection":[{"href":"https:\/\/diariodepernambuco.audiencelabs.com.br\/wp-json\/wp\/v2\/posts"}],"about":[{"href":"https:\/\/diariodepernambuco.audiencelabs.com.br\/wp-json\/wp\/v2\/types\/post"}],"author":[{"embeddable":true,"href":"https:\/\/diariodepernambuco.audiencelabs.com.br\/wp-json\/wp\/v2\/users\/4"}],"replies":[{"embeddable":true,"href":"https:\/\/diariodepernambuco.audiencelabs.com.br\/wp-json\/wp\/v2\/comments?post=1587"}],"version-history":[{"count":5,"href":"https:\/\/diariodepernambuco.audiencelabs.com.br\/wp-json\/wp\/v2\/posts\/1587\/revisions"}],"predecessor-version":[{"id":1731,"href":"https:\/\/diariodepernambuco.audiencelabs.com.br\/wp-json\/wp\/v2\/posts\/1587\/revisions\/1731"}],"wp:featuredmedia":[{"embeddable":true,"href":"https:\/\/diariodepernambuco.audiencelabs.com.br\/wp-json\/wp\/v2\/media\/1590"}],"wp:attachment":[{"href":"https:\/\/diariodepernambuco.audiencelabs.com.br\/wp-json\/wp\/v2\/media?parent=1587"}],"wp:term":[{"taxonomy":"category","embeddable":true,"href":"https:\/\/diariodepernambuco.audiencelabs.com.br\/wp-json\/wp\/v2\/categories?post=1587"},{"taxonomy":"post_tag","embeddable":true,"href":"https:\/\/diariodepernambuco.audiencelabs.com.br\/wp-json\/wp\/v2\/tags?post=1587"}],"curies":[{"name":"wp","href":"https:\/\/api.w.org\/{rel}","templated":true}]}}