{"id":15935,"date":"2026-02-07T09:14:00","date_gmt":"2026-02-07T12:14:00","guid":{"rendered":"https:\/\/diariodepernambuco.audiencelabs.com.br\/?p=15935"},"modified":"2026-02-02T15:21:00","modified_gmt":"2026-02-02T18:21:00","slug":"bilionario-mais-rico-da-terra-por-muitos-anos-vai-doar-boa-parte-da-fortuna","status":"publish","type":"post","link":"https:\/\/diariodepernambuco.audiencelabs.com.br\/bilionario-mais-rico-da-terra-por-muitos-anos-vai-doar-boa-parte-da-fortuna\/","title":{"rendered":"Bilion\u00e1rio mais rico da Terra por muitos anos vai doar boa parte da fortuna"},"content":{"rendered":"\n<p>Bill Gates, um dos nomes mais influentes da tecnologia, voltou ao centro do debate global por uma decis\u00e3o fora do universo dos softwares. Em maio do ano passado, o cofundador da Microsoft anunciou que pretende doar 99% de sua fortuna pessoal nas pr\u00f3ximas duas d\u00e9cadas \u00e0 Gates Foundation, organiza\u00e7\u00e3o dedicada ao combate \u00e0 pobreza extrema e a doen\u00e7as evit\u00e1veis.<\/p>\n\n\n\n<p>A fortuna de Bill Gates \u00e9 avaliada em cerca de US$ 108 bilh\u00f5es, o que corresponde a aproximadamente R$ 615 bilh\u00f5es. Considerando as doa\u00e7\u00f5es j\u00e1 feitas e os valores sob gest\u00e3o da funda\u00e7\u00e3o, o total direcionado a iniciativas humanit\u00e1rias pode alcan\u00e7ar US$ 200 bilh\u00f5es, cerca de R$ 1,1 trilh\u00e3o, at\u00e9 2045.<\/p>\n\n\n\n<p>O comunicado ocorreu durante o evento que marcou os 25 anos da Gates Foundation, fundada em 2000 por Bill Gates e, \u00e0 \u00e9poca, por sua esposa, Melinda French Gates. Anos depois, a organiza\u00e7\u00e3o passou a contar tamb\u00e9m com o apoio do investidor Warren Buffett, um dos principais nomes do mercado financeiro global.<\/p>\n\n\n\n<p>De acordo com Gates, a funda\u00e7\u00e3o encerrar\u00e1 oficialmente suas atividades em 2045, ap\u00f3s a execu\u00e7\u00e3o do plano de investimentos internacionais. O bilion\u00e1rio explicou que a decis\u00e3o de acelerar a doa\u00e7\u00e3o de sua fortuna est\u00e1 relacionada \u00e0 urg\u00eancia dos desafios globais, com destaque para as demandas na \u00e1rea de sa\u00fade p\u00fablica.<\/p>\n\n\n\n<h2 class=\"wp-block-heading\">A imensid\u00e3o da fortuna de Bill Gates<\/h2>\n\n\n\n<p>Bill Gates construiu uma das maiores fortunas da hist\u00f3ria, estimada em US$ 108 bilh\u00f5es, o equivalente a cerca de R$ 615 bilh\u00f5es. Grande parte desse patrim\u00f4nio veio da Microsoft, empresa que ele cofundou e que revolucionou o mercado de tecnologia, transformando o bilion\u00e1rio em refer\u00eancia mundial tanto no empreendedorismo quanto na inova\u00e7\u00e3o.<\/p>\n\n\n\n<p>Al\u00e9m dos ganhos acumulados, Gates tem se destacado por sua generosidade. Somadas \u00e0s doa\u00e7\u00f5es j\u00e1 realizadas e aos recursos geridos pela Gates Foundation, o total destinado a a\u00e7\u00f5es humanit\u00e1rias deve atingir cerca de US$ 200 bilh\u00f5es at\u00e9 2045, mostrando que parte significativa de sua riqueza ser\u00e1 revertida para causas globais e sociais.<\/p>\n\n\n\n<p><\/p>\n","protected":false},"excerpt":{"rendered":"<p>Bill Gates, um dos nomes mais influentes da tecnologia, voltou ao centro do debate global por uma decis\u00e3o fora do universo dos softwares. Em maio do ano passado, o cofundador da Microsoft anunciou que pretende doar 99% de sua fortuna pessoal nas pr\u00f3ximas duas d\u00e9cadas \u00e0 Gates Foundation, organiza\u00e7\u00e3o dedicada ao combate \u00e0 pobreza extrema [&hellip;]<\/p>\n","protected":false},"author":4,"featured_media":15938,"comment_status":"open","ping_status":"open","sticky":false,"template":"","format":"standard","meta":{"jnews-multi-image_gallery":[],"jnews_single_post":{"format":"standard"},"jnews_primary_category":[],"jnews_social_meta":[],"jnews_post_split":[],"footnotes":""},"categories":[1],"tags":[],"class_list":["post-15935","post","type-post","status-publish","format-standard","has-post-thumbnail","hentry","category-uncategorized"],"_links":{"self":[{"href":"https:\/\/diariodepernambuco.audiencelabs.com.br\/wp-json\/wp\/v2\/posts\/15935","targetHints":{"allow":["GET"]}}],"collection":[{"href":"https:\/\/diariodepernambuco.audiencelabs.com.br\/wp-json\/wp\/v2\/posts"}],"about":[{"href":"https:\/\/diariodepernambuco.audiencelabs.com.br\/wp-json\/wp\/v2\/types\/post"}],"author":[{"embeddable":true,"href":"https:\/\/diariodepernambuco.audiencelabs.com.br\/wp-json\/wp\/v2\/users\/4"}],"replies":[{"embeddable":true,"href":"https:\/\/diariodepernambuco.audiencelabs.com.br\/wp-json\/wp\/v2\/comments?post=15935"}],"version-history":[{"count":2,"href":"https:\/\/diariodepernambuco.audiencelabs.com.br\/wp-json\/wp\/v2\/posts\/15935\/revisions"}],"predecessor-version":[{"id":15939,"href":"https:\/\/diariodepernambuco.audiencelabs.com.br\/wp-json\/wp\/v2\/posts\/15935\/revisions\/15939"}],"wp:featuredmedia":[{"embeddable":true,"href":"https:\/\/diariodepernambuco.audiencelabs.com.br\/wp-json\/wp\/v2\/media\/15938"}],"wp:attachment":[{"href":"https:\/\/diariodepernambuco.audiencelabs.com.br\/wp-json\/wp\/v2\/media?parent=15935"}],"wp:term":[{"taxonomy":"category","embeddable":true,"href":"https:\/\/diariodepernambuco.audiencelabs.com.br\/wp-json\/wp\/v2\/categories?post=15935"},{"taxonomy":"post_tag","embeddable":true,"href":"https:\/\/diariodepernambuco.audiencelabs.com.br\/wp-json\/wp\/v2\/tags?post=15935"}],"curies":[{"name":"wp","href":"https:\/\/api.w.org\/{rel}","templated":true}]}}